{"id":60510,"date":"2025-11-12T09:21:57","date_gmt":"2025-11-12T14:21:57","guid":{"rendered":"https:\/\/radionoticiascasanare.com\/inicio\/?p=60510"},"modified":"2025-11-12T09:21:57","modified_gmt":"2025-11-12T14:21:57","slug":"tengo-la-sospecha-de-que-la-lombana-implanto-microfonos-en-mi-hogar-benedetti-presidente-petro-dice-que-allanamiento-fue-un-secuestro","status":"publish","type":"post","link":"https:\/\/radionoticiascasanare.com\/inicio\/tengo-la-sospecha-de-que-la-lombana-implanto-microfonos-en-mi-hogar-benedetti-presidente-petro-dice-que-allanamiento-fue-un-secuestro\/","title":{"rendered":"\u201cTengo la sospecha de que la Lombana implant\u00f3 micr\u00f3fonos en mi hogar\u201d: Benedetti, presidente Petro dice que allanamiento fue un secuestro"},"content":{"rendered":"<p>El Ministro del Interior, Armando Benedetti, denunci\u00f3 que durante la diligencia de allanamiento adelantado por la Corte Suprema de Justicia en su vivienda en Barranquilla, habr\u00edan sido implantados de manera ilegal micr\u00f3fonos.<\/p>\n<p><strong>\u201cTengo la sospecha de que la Lombana implant\u00f3 micr\u00f3fonos en mi hogar. Adem\u00e1s de la locura de la Lombana, parece que dej\u00f3 micr\u00f3fonos en mi casa.<\/strong>\u00a0Yo no tengo acceso a mis derechos con la justicia. \u00bfQu\u00e9 es esta locura?\u201d, se\u00f1al\u00f3 el funcionario en publicaciones en la red social X.<\/p>\n<p>Adem\u00e1s de entrevistas y declaraciones en medios de comunicaci\u00f3n en el que se refiri\u00f3 al procedimiento judicial, escribi\u00f3 mensajes en las redes sociales en los que descalific\u00f3 la actuaci\u00f3n de la magistrada Cristina Lombana a quien en repetidas ocasiones la se\u00f1al\u00f3 de \u00a0\u201cloca, demente, delincuente y HP\u201d.<\/p>\n<p><strong>\u201cLa Lombana entr\u00f3 con 30 hombres fuertemente armados a mi hogar. Retuvo ilegalmente a los empleados de la casa, le quit\u00f3 el celular a mi esposa<\/strong>\u00a0y al esquema de seguridad, entraron al celular de mi esposa. Todo lo que estoy diciendo es muy grave, se\u00f1ores Procuradur\u00eda y Fiscal\u00eda\u201d, indic\u00f3 en una de las publicaciones.<\/p>\n<p>Se\u00f1al\u00f3: \u201cEn el allanamiento no incaut\u00f3 nada la Lombana. Se fue con las manos vac\u00edas. Eso demuestra lo obsesionada que est\u00e1 conmigo. Ella no es imparcial por la sevicia y falta de objetividad\u201d.<\/p>\n<p><strong>\u201c\u00bfCu\u00e1ntos colombianos hoy aguantar\u00edan un allanamiento en su casa de forma ilegal y con 30 polic\u00edas humillando y maltratando a su esposa?\u201d,<\/strong>\u00a0dijo.<\/p>\n<p>Y directamente se refiri\u00f3 a la magistrada:\u00a0<a href=\"https:\/\/sincandado.com\/2025\/11\/11\/sigue-tension-con-estados-unidos-senador-bernie-moreno-acusa-a-petro-de-hacer-todo-por-imposibilitar-la-relacion-entre-los-dos-paises\/\">\u201cSe\u00f1ora Lombana, temo por mi seguridad, la de mi esposa y mi familia.\u00a0<\/a>La responsabilizo de cualquier cosa que le pase a mi esposa a quien usted amenaz\u00f3 y la intimid\u00f3\u201d.<\/p>\n<p><strong>\u201cTemo por atentados contra mi vida, explosivos. \u00bfSer\u00e1 que ahora s\u00ed puedo entender el sobrevuelo de los drones en la madrugada del 2 de noviembre?<\/strong>\u00a0\u00bfO el de un helic\u00f3ptero la noche del viernes dando vueltas sobre mi casa?\u201d, enfatiz\u00f3.<\/p>\n<h4 class=\"wp-block-heading\"><strong>Benedetti responde a la Corte Suprema de Justicia<\/strong><\/h4>\n<p>El ministro del Interior, se refiri\u00f3 al rechazo de la Corte Suprema de Justicia a sus pronunciamientos contra la magistrada Lombana y el \u201cllamado a la prudencia y al respeto por la ley, dado que sus afirmaciones \u201cpueden afectar el desarrollo de las investigaciones\u201d.<\/p>\n<p><strong><a href=\"https:\/\/sincandado.com\/2025\/11\/10\/petro-en-la-mira-de-estados-unidos-prefiero-morir-luchando-que-preso-en-otro-pais-dijo\/\">\u201cCorte Suprema Justicia, acato el llamado a la prudencia, pero tambi\u00e9n suplico por mi acceso al derecho a la justicia\u201d,\u00a0<\/a><\/strong>asegur\u00f3.<\/p>\n<p>As\u00ed mismo, indic\u00f3: \u201cYo denunci\u00e9 a la magistrada Lombana, me toc\u00f3 presentar queja y tutela contra la Comisi\u00f3n de Acusaciones y contra el investigador Wills porque el rumor es que ella intimida a los congresistas de la Comisi\u00f3n y nadie se atreve a abrirle siquiera una investigaci\u00f3n\u201d.<\/p>\n<p><strong>\u201cHa sido recusada porque es demostrado su inter\u00e9s en incriminarme. Ha filtrado todo, pruebas reservadas con videos y audios, a los medios de comunicaci\u00f3n<\/strong>. Ha investigado a 50 familiares m\u00edos y no son aforados\u201d, enfatiz\u00f3.<\/p>\n<p>A\u00f1adi\u00f3: \u201cDe verdad, se\u00f1ores magistrados, \u00bfqui\u00e9n me garantiza mis derechos de acceder a la justicia? Reitero mi respeto a la Corte Suprema de Justicia que ha sido mi juez natural por m\u00e1s de 20 a\u00f1os\u201d.<\/p>\n<p><strong><a href=\"https:\/\/sincandado.com\/2025\/11\/10\/si-nos-amenazan-nos-vamos-a-levantar-por-millones-petro-tras-pedir-perdon-a-la-union-patriotica-por-las-mas-de-6-200-victimas\/\">\u201cSuplico a los magistrados de la Corte Suprema que me garanticen mis derechos porque yo hoy no he podido acceder al derecho a la justicia.<\/a><\/strong>\u00a0Conf\u00edo en la Corte Suprema como siempre lo he hecho\u201d, escribi\u00f3 Benedetti en otra publicaci\u00f3n en X.<\/p>\n<p>Igualmente indic\u00f3: \u201cYo denunci\u00e9 a la Lombana, me toc\u00f3 presentar queja y tutela contra la Comisi\u00f3n de Acusaciones y contra el investigador Wills porque el rumor es que ella intimida a los congresistas de la Comisi\u00f3n y nadie se atreve a abrirle siquiera una investigaci\u00f3n\u201d.<\/p>\n<h4 class=\"wp-block-heading\"><strong>Sobre indagaci\u00f3n de la Procuradur\u00eda<\/strong><\/h4>\n<p>Benedetti tambi\u00e9n se refiri\u00f3 a la decisi\u00f3n de\u00a0<a href=\"https:\/\/sincandado.com\/2025\/11\/09\/petro-acusa-a-trump-y-a-rubio-de-mentir-y-fomentar-la-violencia-en-el-caribe\/\">la procuradur\u00eda de abrir indagaci\u00f3n contra el ministro del Interior por llamar \u201cloca, demente, delincuente y HP\u201d a la magistrada Lombana.<\/a><\/p>\n<p><strong>\u201cSe\u00f1or Procurador, en cuesti\u00f3n de horas me abren una investigaci\u00f3n preliminar. Yo llevo tres a\u00f1os esperando a que le abran una investigaci\u00f3n preliminar a la Lombana,<\/strong> por hechos que la misma Sala de Instrucci\u00f3n denomin\u00f3 una clara extralimitaci\u00f3n de sus funciones y sigo esperando una apertura preliminar\u201d, asegur\u00f3.<\/p>\n<p>Finalmente, cuestion\u00f3: \u201c\u00bfPor qu\u00e9, se\u00f1or Procurador, no tengo acceso a la administraci\u00f3n de justicia?\u201d.<\/p>\n<p><strong>El Ministerio P\u00fablico busca determinar si el funcionario vulner\u00f3 las normas disciplinarias por los duros pronunciamientos contra la magistrada.<\/strong><\/p>\n<h4 class=\"wp-block-heading\"><strong>Presidente Petro se refiere al allanamiento<\/strong><\/h4>\n<p>Entre tanto,<strong>\u00a0el presidente Gustavo Petro sali\u00f3 en defensa del ministro del Interior y se refiri\u00f3 al allanamiento y a la magistrada Lombana.<\/strong><\/p>\n<p>\u201cUn allanamiento ilegal que se transforma en secuestro de una familia, producida por una magistrada de la corte suprema v\u00edctima de su propio odio\u201d, puntualiz\u00f3 el mandatario.<\/p>\n<p>Fuente y Fotograf\u00eda SinCandado.com<\/p>\n<p>&nbsp;<\/p>\n","protected":false},"excerpt":{"rendered":"<p>El Ministro del Interior, Armando Benedetti, denunci\u00f3 que durante la diligencia de allanamiento adelantado por la Corte Suprema de Justicia en su vivienda en Barranquilla, habr\u00edan sido implantados de manera ilegal micr\u00f3fonos. \u201cTengo la sospecha de que la Lombana implant\u00f3 micr\u00f3fonos en mi hogar. Adem\u00e1s de la locura de la Lombana, parece que dej\u00f3 micr\u00f3fonos [&hellip;]<\/p>\n","protected":false},"author":2,"featured_media":60511,"comment_status":"closed","ping_status":"closed","sticky":false,"template":"","format":"standard","meta":{"footnotes":""},"categories":[66,51,5476],"tags":[17470,1094,19637,3205,31674,31675,2180,2417],"class_list":["post-60510","post","type-post","status-publish","format-standard","has-post-thumbnail","hentry","category-destacadas","category-nacional","category-politica","tag-armando-benedetti","tag-barranquilla","tag-comision-de-acusaciones","tag-corte-suprema-de-justicia","tag-diligencia-de-allanamiento","tag-magistrada-lombana","tag-ministro-del-interior","tag-tutela"],"_links":{"self":[{"href":"https:\/\/radionoticiascasanare.com\/inicio\/wp-json\/wp\/v2\/posts\/60510","targetHints":{"allow":["GET"]}}],"collection":[{"href":"https:\/\/radionoticiascasanare.com\/inicio\/wp-json\/wp\/v2\/posts"}],"about":[{"href":"https:\/\/radionoticiascasanare.com\/inicio\/wp-json\/wp\/v2\/types\/post"}],"author":[{"embeddable":true,"href":"https:\/\/radionoticiascasanare.com\/inicio\/wp-json\/wp\/v2\/users\/2"}],"replies":[{"embeddable":true,"href":"https:\/\/radionoticiascasanare.com\/inicio\/wp-json\/wp\/v2\/comments?post=60510"}],"version-history":[{"count":1,"href":"https:\/\/radionoticiascasanare.com\/inicio\/wp-json\/wp\/v2\/posts\/60510\/revisions"}],"predecessor-version":[{"id":60512,"href":"https:\/\/radionoticiascasanare.com\/inicio\/wp-json\/wp\/v2\/posts\/60510\/revisions\/60512"}],"wp:featuredmedia":[{"embeddable":true,"href":"https:\/\/radionoticiascasanare.com\/inicio\/wp-json\/wp\/v2\/media\/60511"}],"wp:attachment":[{"href":"https:\/\/radionoticiascasanare.com\/inicio\/wp-json\/wp\/v2\/media?parent=60510"}],"wp:term":[{"taxonomy":"category","embeddable":true,"href":"https:\/\/radionoticiascasanare.com\/inicio\/wp-json\/wp\/v2\/categories?post=60510"},{"taxonomy":"post_tag","embeddable":true,"href":"https:\/\/radionoticiascasanare.com\/inicio\/wp-json\/wp\/v2\/tags?post=60510"}],"curies":[{"name":"wp","href":"https:\/\/api.w.org\/{rel}","templated":true}]}}