{"id":60792,"date":"2025-11-28T14:25:53","date_gmt":"2025-11-28T19:25:53","guid":{"rendered":"https:\/\/radionoticiascasanare.com\/inicio\/?p=60792"},"modified":"2025-11-28T14:25:53","modified_gmt":"2025-11-28T19:25:53","slug":"movistar-arena-celebra-5-millones-de-asistentes-y-reafirma-su-liderazgo-en-entretenimiento-en-colombia","status":"publish","type":"post","link":"https:\/\/radionoticiascasanare.com\/inicio\/movistar-arena-celebra-5-millones-de-asistentes-y-reafirma-su-liderazgo-en-entretenimiento-en-colombia\/","title":{"rendered":"Movistar Arena celebra 5 millones de asistentes y reafirma su liderazgo en entretenimiento en Colombia"},"content":{"rendered":"<p>En el marco del concierto Yandel Sinf\u00f3nico, el Movistar Arena alcanzar\u00e1 un hito hist\u00f3rico: recibi\u00f3 a su asistente n\u00famero cinco millones. Un logro que consolida al escenario como el epicentro del entretenimiento en Colombia y uno de los venues m\u00e1s relevantes de Am\u00e9rica Latina.<\/p>\n<p>Desde su apertura en 2018, el Movistar Arena ha sido testigo de la energ\u00eda de m\u00e1s de 790 artistas nacionales e internacionales, la realizaci\u00f3n de m\u00e1s de 500 eventos p\u00fablicos y 200 eventos privados, con una capacidad que oscila entre 12.000 y 20.000 asistentes por show. Estas cifras reflejan un crecimiento sostenido y un liderazgo s\u00f3lido en la industria del entretenimiento, con una participaci\u00f3n del 80% frente a otros escenarios del pa\u00eds con capacidades similares.<\/p>\n<p>A lo largo de su trayectoria, el Movistar Arena se ha consolidado como pionero en la transformaci\u00f3n del entretenimiento en vivo en Colombia, implementando est\u00e1ndares internacionales, tecnolog\u00edas de \u00faltima generaci\u00f3n y experiencias inmersivas que han elevado la forma de vivir los grandes espect\u00e1culos. Hoy, adem\u00e1s, se posiciona como un epicentro cultural que conecta a artistas, fan\u00e1ticos y comunidades en un mismo espacio donde convergen la m\u00fasica, el arte, la innovaci\u00f3n y la diversidad.<\/p>\n<p>En 2025, el Movistar Arena de Bogot\u00e1 fue nominado en dos ocasiones por Pollstar como Venue Internacional del A\u00f1o, un reconocimiento que ratifica su posicionamiento como uno de los escenarios m\u00e1s destacados de Am\u00e9rica Latina.<\/p>\n<p>\u201cCelebrar a nuestro asistente n\u00famero cinco millones es mucho m\u00e1s que una cifra: es la suma de millones de emociones, recuerdos y experiencias que hemos compartido con el p\u00fablico colombiano y con cada artista que ha pisado nuestro escenario\u201d, afirm\u00f3\u00a0<b>Luis Guillermo Quintero, gerente general del Movistar Arena Bogot\u00e1.<\/b><\/p>\n<p>Este hito reafirma la posici\u00f3n del Movistar Arena como #ElCorazonDeBogota, un espacio que late al ritmo de la m\u00fasica, la cultura y la innovaci\u00f3n. Adem\u00e1s, refleja el compromiso del venue con la sostenibilidad, la inclusi\u00f3n y la generaci\u00f3n de experiencias \u00fanicas para todos los asistentes.<\/p>\n<p>Con una programaci\u00f3n que contin\u00faa sorprendiendo, el Movistar Arena sigue escribiendo su historia al ritmo de grandes espect\u00e1culos que conectan millones de historias, sue\u00f1os y emociones.<\/p>\n<p><b>M\u00e1s informaci\u00f3n:\u00a0<\/b><u><a id=\"m_4008321994234372640OWAd4ea4d1f-5f5c-b3db-e7f9-8b69d79b3dbf\" href=\"https:\/\/www.telefonica.co\/movistar-arena-celebra-5-millones-de-asistentes-y-reafirma-su-liderazgo-en-entretenimiento-en-colombia\/\" target=\"_blank\" rel=\"noopener\" data-saferedirecturl=\"https:\/\/www.google.com\/url?q=https:\/\/www.telefonica.co\/movistar-arena-celebra-5-millones-de-asistentes-y-reafirma-su-liderazgo-en-entretenimiento-en-colombia\/&amp;source=gmail&amp;ust=1764443845838000&amp;usg=AOvVaw2aZ7XAowFTysDFbgS1qNRh\">https:\/\/www.telefonica.co\/<wbr \/>movistar-arena-celebra-5-<wbr \/>millones-de-asistentes-y-<wbr \/>reafirma-su-liderazgo-en-<wbr \/>entretenimiento-en-colombia\/<\/a><\/u><\/p>\n<p>Fuente y Fotograf\u00eda Movistar Colombia<\/p>\n","protected":false},"excerpt":{"rendered":"<p>En el marco del concierto Yandel Sinf\u00f3nico, el Movistar Arena alcanzar\u00e1 un hito hist\u00f3rico: recibi\u00f3 a su asistente n\u00famero cinco millones. Un logro que consolida al escenario como el epicentro del entretenimiento en Colombia y uno de los venues m\u00e1s relevantes de Am\u00e9rica Latina. Desde su apertura en 2018, el Movistar Arena ha sido testigo [&hellip;]<\/p>\n","protected":false},"author":2,"featured_media":60793,"comment_status":"closed","ping_status":"closed","sticky":false,"template":"","format":"standard","meta":{"footnotes":""},"categories":[66,3782,51],"tags":[32210,5094,32207,164,32205,32208,32213,32215,32206,32211,32214,15910,14450,32216,32212,32209],"class_list":["post-60792","post","type-post","status-publish","format-standard","has-post-thumbnail","hentry","category-destacadas","category-entretenimiento","category-nacional","tag-790-artistas-nacionales","tag-america-latina","tag-asistente-numero-cinco-millones","tag-colombia","tag-concierto-yandel-sinfonico","tag-epicentro-del-entretenimiento","tag-experiencias-inmersivas","tag-gerente-general-del-movistar-arena-bogota","tag-hito-historico","tag-industria-del-entretenimiento","tag-luis-guillermo-quintero","tag-movistar-arena","tag-movistar-colombia","tag-pollstar","tag-tecnologias-de-ultima-generacion","tag-venues"],"_links":{"self":[{"href":"https:\/\/radionoticiascasanare.com\/inicio\/wp-json\/wp\/v2\/posts\/60792","targetHints":{"allow":["GET"]}}],"collection":[{"href":"https:\/\/radionoticiascasanare.com\/inicio\/wp-json\/wp\/v2\/posts"}],"about":[{"href":"https:\/\/radionoticiascasanare.com\/inicio\/wp-json\/wp\/v2\/types\/post"}],"author":[{"embeddable":true,"href":"https:\/\/radionoticiascasanare.com\/inicio\/wp-json\/wp\/v2\/users\/2"}],"replies":[{"embeddable":true,"href":"https:\/\/radionoticiascasanare.com\/inicio\/wp-json\/wp\/v2\/comments?post=60792"}],"version-history":[{"count":1,"href":"https:\/\/radionoticiascasanare.com\/inicio\/wp-json\/wp\/v2\/posts\/60792\/revisions"}],"predecessor-version":[{"id":60794,"href":"https:\/\/radionoticiascasanare.com\/inicio\/wp-json\/wp\/v2\/posts\/60792\/revisions\/60794"}],"wp:featuredmedia":[{"embeddable":true,"href":"https:\/\/radionoticiascasanare.com\/inicio\/wp-json\/wp\/v2\/media\/60793"}],"wp:attachment":[{"href":"https:\/\/radionoticiascasanare.com\/inicio\/wp-json\/wp\/v2\/media?parent=60792"}],"wp:term":[{"taxonomy":"category","embeddable":true,"href":"https:\/\/radionoticiascasanare.com\/inicio\/wp-json\/wp\/v2\/categories?post=60792"},{"taxonomy":"post_tag","embeddable":true,"href":"https:\/\/radionoticiascasanare.com\/inicio\/wp-json\/wp\/v2\/tags?post=60792"}],"curies":[{"name":"wp","href":"https:\/\/api.w.org\/{rel}","templated":true}]}}