{"id":61085,"date":"2025-12-18T00:10:46","date_gmt":"2025-12-18T05:10:46","guid":{"rendered":"https:\/\/radionoticiascasanare.com\/inicio\/?p=61085"},"modified":"2025-12-17T23:27:22","modified_gmt":"2025-12-18T04:27:22","slug":"casanare-palpita-2025-presenta-su-programacion-oficial","status":"publish","type":"post","link":"https:\/\/radionoticiascasanare.com\/inicio\/casanare-palpita-2025-presenta-su-programacion-oficial\/","title":{"rendered":"Casanare Palpita 2025 presenta su programaci\u00f3n oficial"},"content":{"rendered":"<p>Del 18 al 21 de diciembre de 2025, el departamento de Casanare ser\u00e1 escenario de la cuarta versi\u00f3n del Festival Mundial del Arraigo Llanero \u201cCasanare Palpita 2025\u201d, evento organizado por la Gobernaci\u00f3n de Casanare, a trav\u00e9s de la Direcci\u00f3n de Cultura y Turismo, que contar\u00e1 con una amplia agenda cultural, art\u00edstica y tradicional.<\/p>\n<p>Durante cuatro d\u00edas, el festival reunir\u00e1 actividades orientadas a exaltar la identidad llanera, fortalecer el arraigo cultural y dinamizar el turismo y la econom\u00eda regional, con programaci\u00f3n dirigida a propios y visitantes de todas las edades.<\/p>\n<p>La agenda inicia este jueves 18 de diciembre con la Cabalgata 2025, espacios de teatro, la final del Festival de M\u00fasica G\u00f3spel y presentaciones art\u00edsticas especiales en la Manga de Coleo V\u00edctor Hugo Prieto.<\/p>\n<p>El viernes 19 de diciembre se desarrollar\u00e1n ferias multisectoriales, el Segundo Encuentro Gastron\u00f3mico de la Orinoquia, muestras art\u00edsticas y culturales, cine hecho en Casanare, actividades de arraigo llanero y la apertura oficial del Festival de M\u00fasica Llanera \u201cCasanare Palpita\u201d, junto con su primera ronda y presentaciones de artistas llaneros.<\/p>\n<p>El s\u00e1bado 20 de diciembre la programaci\u00f3n incluir\u00e1 ferias, cantos de trabajo de llano, coleo campesino, encuentros gastron\u00f3micos, actividades ganaderas, la final del Festival Mundial de M\u00fasica Llanera, homenajes a gestores culturales y el tradicional Amanecer Llanero de Sol a Sol, con presentaciones art\u00edsticas continuas durante la noche y la madrugada.<\/p>\n<p>La jornada del domingo 21 de diciembre estar\u00e1 marcada por ferias, shows culturales, encuentros gastron\u00f3micos, actividades tradicionales como varas y barriles, el XV Yop\u00f3dromo, lazo criollo, homenajes culturales y la Noche Cultural, con lo que se dar\u00e1 cierre oficial a Casanare Palpita 2025.<\/p>\n<p>Todos los eventos cuentan con acceso abierto, gratis y est\u00e1n dise\u00f1ados para el disfrute de la ciudadan\u00eda y los visitantes, en diferentes escenarios del municipio de Yopal.<\/p>\n<p>La Gobernaci\u00f3n de Casanare extiende la invitaci\u00f3n a la comunidad, turistas y medios de comunicaci\u00f3n a participar y acompa\u00f1ar esta celebraci\u00f3n del patrimonio cultural del llano.<\/p>\n<p>Fuente y Fotograf\u00eda Gobernaci\u00f3n de Casanare<\/p>\n","protected":false},"excerpt":{"rendered":"<p>Del 18 al 21 de diciembre de 2025, el departamento de Casanare ser\u00e1 escenario de la cuarta versi\u00f3n del Festival Mundial del Arraigo Llanero \u201cCasanare Palpita 2025\u201d, evento organizado por la Gobernaci\u00f3n de Casanare, a trav\u00e9s de la Direcci\u00f3n de Cultura y Turismo, que contar\u00e1 con una amplia agenda cultural, art\u00edstica y tradicional. Durante cuatro [&hellip;]<\/p>\n","protected":false},"author":2,"featured_media":61086,"comment_status":"closed","ping_status":"closed","sticky":false,"template":"","format":"standard","meta":{"footnotes":""},"categories":[2,66,3782,8492,25995,26147],"tags":[32767,32768,32759,17702,32766,26819,32765,32760,32764,32761,32763,28490,32762],"class_list":["post-61085","post","type-post","status-publish","format-standard","has-post-thumbnail","hentry","category-casanare","category-destacadas","category-entretenimiento","category-noticias-casanare","category-paz-de-ariporo","category-turismo","tag-actividades-de-arraigo-llanero","tag-apertura-oficial-del-festival-de-musica-llanera","tag-cabalgata-2025","tag-casanare-palpita","tag-cine-hecho-en-casanare","tag-culturales","tag-el-segundo-encuentro-gastronomico-de-la-orinoquia","tag-espacios-de-teatro","tag-ferias-multisectoriales","tag-la-final-del-festival-de-musica-gospel","tag-manga-de-coleo-victor-hugo-prieto","tag-muestras-artisticas","tag-presentaciones-artisticas-especiales"],"_links":{"self":[{"href":"https:\/\/radionoticiascasanare.com\/inicio\/wp-json\/wp\/v2\/posts\/61085","targetHints":{"allow":["GET"]}}],"collection":[{"href":"https:\/\/radionoticiascasanare.com\/inicio\/wp-json\/wp\/v2\/posts"}],"about":[{"href":"https:\/\/radionoticiascasanare.com\/inicio\/wp-json\/wp\/v2\/types\/post"}],"author":[{"embeddable":true,"href":"https:\/\/radionoticiascasanare.com\/inicio\/wp-json\/wp\/v2\/users\/2"}],"replies":[{"embeddable":true,"href":"https:\/\/radionoticiascasanare.com\/inicio\/wp-json\/wp\/v2\/comments?post=61085"}],"version-history":[{"count":1,"href":"https:\/\/radionoticiascasanare.com\/inicio\/wp-json\/wp\/v2\/posts\/61085\/revisions"}],"predecessor-version":[{"id":61087,"href":"https:\/\/radionoticiascasanare.com\/inicio\/wp-json\/wp\/v2\/posts\/61085\/revisions\/61087"}],"wp:featuredmedia":[{"embeddable":true,"href":"https:\/\/radionoticiascasanare.com\/inicio\/wp-json\/wp\/v2\/media\/61086"}],"wp:attachment":[{"href":"https:\/\/radionoticiascasanare.com\/inicio\/wp-json\/wp\/v2\/media?parent=61085"}],"wp:term":[{"taxonomy":"category","embeddable":true,"href":"https:\/\/radionoticiascasanare.com\/inicio\/wp-json\/wp\/v2\/categories?post=61085"},{"taxonomy":"post_tag","embeddable":true,"href":"https:\/\/radionoticiascasanare.com\/inicio\/wp-json\/wp\/v2\/tags?post=61085"}],"curies":[{"name":"wp","href":"https:\/\/api.w.org\/{rel}","templated":true}]}}