{"id":61399,"date":"2026-01-27T00:15:03","date_gmt":"2026-01-27T05:15:03","guid":{"rendered":"https:\/\/radionoticiascasanare.com\/inicio\/?p=61399"},"modified":"2026-01-26T21:20:45","modified_gmt":"2026-01-27T02:20:45","slug":"yopal-preseleccionada-para-ser-sede-de-la-asamblea-general-fenalper-2026","status":"publish","type":"post","link":"https:\/\/radionoticiascasanare.com\/inicio\/yopal-preseleccionada-para-ser-sede-de-la-asamblea-general-fenalper-2026\/","title":{"rendered":"Yopal preseleccionada para ser sede de la Asamblea General Fenalper 2026"},"content":{"rendered":"<p>La Personer\u00eda Municipal de Yopal avanza en su aspiraci\u00f3n de convertir a la ciudad, en sede de la Asamblea General de la Federaci\u00f3n Nacional de Personer\u00edas (FENALPER) para este 2026, uno de los encuentros m\u00e1s relevantes para las personer\u00edas del pa\u00eds.<\/p>\n<p>El personero municipal, Yesid Camacho Fl\u00f3rez, inform\u00f3 que, entre las 1.104 personer\u00edas a nivel nacional, la capital casanare\u00f1a logr\u00f3 posicionarse dentro del grupo de diez ciudades preseleccionadas para albergar este importante evento.<\/p>\n<p>Para ello, el personero municipal se desplazar\u00e1 este jueves 29 de enero a Bogot\u00e1, donde presentar\u00e1 la propuesta resaltando las condiciones favorables de Yopal en infraestructura, log\u00edstica, gastronom\u00eda y capacidad hotelera, as\u00ed como el impacto positivo que tendr\u00eda el evento en la reactivaci\u00f3n econ\u00f3mica y el desarrollo del municipio.<\/p>\n<p>Como antecedente, en el a\u00f1o 2025, la capital casanare\u00f1a fue escenario del encuentro de personeros de la regi\u00f3n de la media Colombia, el cual cont\u00f3 con una destacada asistencia y una organizaci\u00f3n exitosa a base de gesti\u00f3n de la instituci\u00f3n, experiencia que fortalecer\u00e1 la propuesta.<\/p>\n<p>De resultar seleccionada, Yopal recibir\u00eda cerca de 500 personeros de distintas regiones del pa\u00eds, lo que generar\u00eda una importante din\u00e1mica econ\u00f3mica y posicionamiento de la ciudad.<\/p>\n<p>Fuente y Fotograf\u00eda Personer\u00eda de Yopal<\/p>\n<p>&nbsp;<\/p>\n","protected":false},"excerpt":{"rendered":"<p>La Personer\u00eda Municipal de Yopal avanza en su aspiraci\u00f3n de convertir a la ciudad, en sede de la Asamblea General de la Federaci\u00f3n Nacional de Personer\u00edas (FENALPER) para este 2026, uno de los encuentros m\u00e1s relevantes para las personer\u00edas del pa\u00eds. El personero municipal, Yesid Camacho Fl\u00f3rez, inform\u00f3 que, entre las 1.104 personer\u00edas a nivel [&hellip;]<\/p>\n","protected":false},"author":2,"featured_media":61400,"comment_status":"closed","ping_status":"closed","sticky":false,"template":"","format":"standard","meta":{"footnotes":""},"categories":[2,26427,66,8492,22976],"tags":[33409,33406,33411,12659,33408,33413,25200,4604,33410,33407,33412,24536],"class_list":["post-61399","post","type-post","status-publish","format-standard","has-post-thumbnail","hentry","category-casanare","category-concejo-de-yopal","category-destacadas","category-noticias-casanare","category-yopal","tag-1-104-personerias-pais","tag-convertir-a-yopal","tag-destacada-asistencia","tag-experiencia","tag-fenalper","tag-gestion-institucional","tag-personeria-municipal-de-yopal","tag-personero-municipal","tag-preseleccionadas","tag-sede-de-la-asamblea-general-de-la-federacion-nacional-de-personerias","tag-una-organizacion-exitosa","tag-yesid-camacho-florez"],"_links":{"self":[{"href":"https:\/\/radionoticiascasanare.com\/inicio\/wp-json\/wp\/v2\/posts\/61399","targetHints":{"allow":["GET"]}}],"collection":[{"href":"https:\/\/radionoticiascasanare.com\/inicio\/wp-json\/wp\/v2\/posts"}],"about":[{"href":"https:\/\/radionoticiascasanare.com\/inicio\/wp-json\/wp\/v2\/types\/post"}],"author":[{"embeddable":true,"href":"https:\/\/radionoticiascasanare.com\/inicio\/wp-json\/wp\/v2\/users\/2"}],"replies":[{"embeddable":true,"href":"https:\/\/radionoticiascasanare.com\/inicio\/wp-json\/wp\/v2\/comments?post=61399"}],"version-history":[{"count":1,"href":"https:\/\/radionoticiascasanare.com\/inicio\/wp-json\/wp\/v2\/posts\/61399\/revisions"}],"predecessor-version":[{"id":61401,"href":"https:\/\/radionoticiascasanare.com\/inicio\/wp-json\/wp\/v2\/posts\/61399\/revisions\/61401"}],"wp:featuredmedia":[{"embeddable":true,"href":"https:\/\/radionoticiascasanare.com\/inicio\/wp-json\/wp\/v2\/media\/61400"}],"wp:attachment":[{"href":"https:\/\/radionoticiascasanare.com\/inicio\/wp-json\/wp\/v2\/media?parent=61399"}],"wp:term":[{"taxonomy":"category","embeddable":true,"href":"https:\/\/radionoticiascasanare.com\/inicio\/wp-json\/wp\/v2\/categories?post=61399"},{"taxonomy":"post_tag","embeddable":true,"href":"https:\/\/radionoticiascasanare.com\/inicio\/wp-json\/wp\/v2\/tags?post=61399"}],"curies":[{"name":"wp","href":"https:\/\/api.w.org\/{rel}","templated":true}]}}