{"id":62025,"date":"2026-03-05T21:07:51","date_gmt":"2026-03-06T02:07:51","guid":{"rendered":"https:\/\/radionoticiascasanare.com\/inicio\/?p=62025"},"modified":"2026-03-05T21:07:51","modified_gmt":"2026-03-06T02:07:51","slug":"yopal-cada-vez-mas-cerca-de-conocer-la-historia-que-rodeo11","status":"publish","type":"post","link":"https:\/\/radionoticiascasanare.com\/inicio\/yopal-cada-vez-mas-cerca-de-conocer-la-historia-que-rodeo11\/","title":{"rendered":"Yopal, cada vez m\u00e1s cerca de conocer la historia que rodeo11"},"content":{"rendered":"<p>La Alcald\u00eda Municipal y la ESE Salud Yopal socializaron los redise\u00f1os arquitect\u00f3nicos del Centro de Referencia de Salud Mental de la Orinoqu\u00eda, proyecto que marcar\u00e1 un antes y un despu\u00e9s en la atenci\u00f3n especializada en la regi\u00f3n.<\/p>\n<p>El gerente de la Entidad de Salud de Yopal, Jefe John Paulino Rojas precis\u00f3 que la nueva infraestructura contar\u00e1 con 62 camas, servicio de urgencias, hospitalizaci\u00f3n y atenci\u00f3n integral para pacientes con trastornos mentales y consumo de sustancias psicoactivas.<\/p>\n<p>Mientras avanza la etapa contractual, inicia la capacitaci\u00f3n de 300 profesionales de la salud \u2014entre enfermeras, psic\u00f3logos, psiquiatras, neur\u00f3logos y m\u00e9dicos familiaristas\u2014 que se preparar\u00e1n para implementar el modelo de atenci\u00f3n especializado indic\u00f3 Rojas Daza, quien dijo que se har\u00e1 un trabajo intenso con el Ministerio de Salud, para capacitar a los Psic\u00f3logos en la especialidad cl\u00ednica ante la baja demanda que se registra en el departamento.<\/p>\n<p>Aunque este proyecto no estaba contemplado inicialmente en las metas del Plan de Desarrollo, el alcalde decidi\u00f3 apostarle a la salud mental de los yopale\u00f1os debido a que el municipio presenta un diagn\u00f3stico de salud mental que requiere de una atenci\u00f3n especial, que no solo redundar\u00e1 en aquellas personas y familias que afrontan este tipo de situaciones tambi\u00e9n concentrar\u00e1 para que las entidades de salud vayan\u00a0 acorde con la demanda en este tipo de casos.<\/p>\n<p>Fuente y Fotograf\u00eda ESE Salud Yopal Radio Noticias Casanare<\/p>\n","protected":false},"excerpt":{"rendered":"<p>La Alcald\u00eda Municipal y la ESE Salud Yopal socializaron los redise\u00f1os arquitect\u00f3nicos del Centro de Referencia de Salud Mental de la Orinoqu\u00eda, proyecto que marcar\u00e1 un antes y un despu\u00e9s en la atenci\u00f3n especializada en la regi\u00f3n. El gerente de la Entidad de Salud de Yopal, Jefe John Paulino Rojas precis\u00f3 que la nueva infraestructura [&hellip;]<\/p>\n","protected":false},"author":2,"featured_media":62026,"comment_status":"closed","ping_status":"closed","sticky":false,"template":"","format":"standard","meta":{"footnotes":""},"categories":[2,66,51,8492,2280,32818,22976],"tags":[34727,513,1054,34730,34729,1532,34726,11703,27219,34728],"class_list":["post-62025","post","type-post","status-publish","format-standard","has-post-thumbnail","hentry","category-casanare","category-destacadas","category-nacional","category-noticias-casanare","category-salud","category-salud-mental","category-yopal","tag-a-atencion-especializada","tag-alcaldia-municipal","tag-ese-salud-yopal","tag-modelo-de-atencion-especializado-indico-rojas-daza","tag-neurologos-y-medicos-familiaristas","tag-orinoquia","tag-os-redisenos-arquitectonicos-del-centro-de-referencia-de-salud-mental","tag-profesionales-de-la-salud","tag-psicologos","tag-psiquiatras"],"_links":{"self":[{"href":"https:\/\/radionoticiascasanare.com\/inicio\/wp-json\/wp\/v2\/posts\/62025","targetHints":{"allow":["GET"]}}],"collection":[{"href":"https:\/\/radionoticiascasanare.com\/inicio\/wp-json\/wp\/v2\/posts"}],"about":[{"href":"https:\/\/radionoticiascasanare.com\/inicio\/wp-json\/wp\/v2\/types\/post"}],"author":[{"embeddable":true,"href":"https:\/\/radionoticiascasanare.com\/inicio\/wp-json\/wp\/v2\/users\/2"}],"replies":[{"embeddable":true,"href":"https:\/\/radionoticiascasanare.com\/inicio\/wp-json\/wp\/v2\/comments?post=62025"}],"version-history":[{"count":1,"href":"https:\/\/radionoticiascasanare.com\/inicio\/wp-json\/wp\/v2\/posts\/62025\/revisions"}],"predecessor-version":[{"id":62027,"href":"https:\/\/radionoticiascasanare.com\/inicio\/wp-json\/wp\/v2\/posts\/62025\/revisions\/62027"}],"wp:featuredmedia":[{"embeddable":true,"href":"https:\/\/radionoticiascasanare.com\/inicio\/wp-json\/wp\/v2\/media\/62026"}],"wp:attachment":[{"href":"https:\/\/radionoticiascasanare.com\/inicio\/wp-json\/wp\/v2\/media?parent=62025"}],"wp:term":[{"taxonomy":"category","embeddable":true,"href":"https:\/\/radionoticiascasanare.com\/inicio\/wp-json\/wp\/v2\/categories?post=62025"},{"taxonomy":"post_tag","embeddable":true,"href":"https:\/\/radionoticiascasanare.com\/inicio\/wp-json\/wp\/v2\/tags?post=62025"}],"curies":[{"name":"wp","href":"https:\/\/api.w.org\/{rel}","templated":true}]}}