{"id":62283,"date":"2026-04-06T05:54:07","date_gmt":"2026-04-06T10:54:07","guid":{"rendered":"https:\/\/radionoticiascasanare.com\/inicio\/?p=62283"},"modified":"2026-04-06T05:54:07","modified_gmt":"2026-04-06T10:54:07","slug":"grupo-aereo-del-casanare-al-servicio-de-la-orinoquia-16-anos-de-historia","status":"publish","type":"post","link":"https:\/\/radionoticiascasanare.com\/inicio\/grupo-aereo-del-casanare-al-servicio-de-la-orinoquia-16-anos-de-historia\/","title":{"rendered":"Grupo A\u00e9reo del Casanare al servicio de la Orinoqu\u00eda: 16 a\u00f1os de historia"},"content":{"rendered":"<p>A 16 a\u00f1os de su creaci\u00f3n, el Grupo A\u00e9reo del Casanare, GACAS, se consolida como una unidad estrat\u00e9gica para el desarrollo de operaciones a\u00e9reas, la formaci\u00f3n de tripulaciones y el apoyo permanente a la poblaci\u00f3n en la regi\u00f3n de la Orinoqu\u00eda. Desde esta unidad militar a\u00e9rea de la Fuerza Aeroespacial Colombiana, conocida como La Casa de los Centauros del Aire, se proyectan capacidades operacionales, log\u00edsticas y humanitarias que impactan directamente a los departamentos de Arauca, Boyac\u00e1 y Casanare.<\/p>\n<p>De modo que, en materia operacional, la unidad mantiene una actividad a\u00e9rea permanente sobre el territorio, puesto que opera la flota de aeronaves C-208 Caravan, uno de los monomotores m\u00e1s vers\u00e1tiles para el desarrollo de misiones de transporte, apoyo log\u00edstico y presencia institucional en zonas apartadas del pa\u00eds. En el \u00faltimo a\u00f1o, estas operaciones han permitido fortalecer la conectividad en regiones de dif\u00edcil acceso, facilitando el transporte de personal y el traslado de insumos esenciales a comunidades que no cuentan con v\u00edas terrestres, as\u00ed como atender de<br \/>\nmanera oportuna distintas necesidades de la poblaci\u00f3n, como emergencias, traslados de pacientes y el acompa\u00f1amiento a instituciones del Estado en el territorio.<\/p>\n<p>M\u00e1s all\u00e1 de la operaci\u00f3n a\u00e9rea, el GACAS mantiene un v\u00ednculo permanente con las comunidades del territorio, lo cual se evidencia a trav\u00e9s del desarrollo de 85 actividades de acercamiento a la poblaci\u00f3n, en municipios como Orocu\u00e9, T\u00e1mara y Yopal, donde se han realizado brigadas m\u00e9dicas, entrega de ayudas humanitarias y espacios de integraci\u00f3n, orientados a mejorar la calidad de vida de sus habitantes y fortalecer la confianza con la poblaci\u00f3n civil.<\/p>\n<p>En lo relacionado con la formaci\u00f3n del talento humano aeron\u00e1utico, la Escuela de Caravan, creada en 1998, ha consolidado un impacto estrat\u00e9gico en la preparaci\u00f3n del personal de vuelo de la Instituci\u00f3n, mediante el desarrollo de cursos de formaci\u00f3n, entrenamiento y estandarizaci\u00f3n en la<br \/>\noperaci\u00f3n de aeronaves tipo C-208 Caravan. A lo largo de su trayectoria, ha formado 435 pilotos, quienes, en su primer vuelo de manera aut\u00f3noma, es decir, sin instructor a bordo, han marcado un hito fundamental en el inicio de su vida operacional dentro de la Instituci\u00f3n, adem\u00e1s de los 136 copilotos y 120 t\u00e9cnicos tripulantes de vuelo cualificados durante este tiempo.<\/p>\n<p>As\u00ed, al cumplir 16 a\u00f1os de trayectoria, el GACAS proyecta sus capacidades hacia el fortalecimiento del poder aeroespacial en la regi\u00f3n de la 0rinoqu\u00eda. Desde la formaci\u00f3n de nuevas tripulaciones hasta el desarrollo de operaciones a\u00e9reas y el apoyo permanente a las comunidades, sus hombres y mujeres mantienen firme el compromiso de fortalecer las capacidades de la Fuerza Aeroespacial Colombiana y contribuir al bienestar de los colombianos.<\/p>\n<p>Fuente y Fotograf\u00eda Grupo A\u00e9reo del Casanare<\/p>\n","protected":false},"excerpt":{"rendered":"<p>A 16 a\u00f1os de su creaci\u00f3n, el Grupo A\u00e9reo del Casanare, GACAS, se consolida como una unidad estrat\u00e9gica para el desarrollo de operaciones a\u00e9reas, la formaci\u00f3n de tripulaciones y el apoyo permanente a la poblaci\u00f3n en la regi\u00f3n de la Orinoqu\u00eda. Desde esta unidad militar a\u00e9rea de la Fuerza Aeroespacial Colombiana, conocida como La Casa [&hellip;]<\/p>\n","protected":false},"author":2,"featured_media":62284,"comment_status":"closed","ping_status":"closed","sticky":false,"template":"","format":"standard","meta":{"footnotes":""},"categories":[2,66,8492,26396,22976],"tags":[35333,35328,35330,35329,3,35326,35327,24546,357,35332,35331,238,35325],"class_list":["post-62283","post","type-post","status-publish","format-standard","has-post-thumbnail","hentry","category-casanare","category-destacadas","category-noticias-casanare","category-seguridad","category-yopal","tag-16-anos-de-historia","tag-apoyo-permanente-a-la-poblacion-en-la-region-de-la-orinoquia","tag-capacidades-operacionales","tag-casa-de-los-centauros-del-aire","tag-casanare","tag-desarrollo-de-operaciones-aereas","tag-formacion-de-tripulaciones","tag-fuerza-aeroespacial-colombiana","tag-grupo-aereo-del-casanare","tag-humanitarias","tag-logisticas","tag-radio-noticias-casanare","tag-unidad-estrategica"],"_links":{"self":[{"href":"https:\/\/radionoticiascasanare.com\/inicio\/wp-json\/wp\/v2\/posts\/62283","targetHints":{"allow":["GET"]}}],"collection":[{"href":"https:\/\/radionoticiascasanare.com\/inicio\/wp-json\/wp\/v2\/posts"}],"about":[{"href":"https:\/\/radionoticiascasanare.com\/inicio\/wp-json\/wp\/v2\/types\/post"}],"author":[{"embeddable":true,"href":"https:\/\/radionoticiascasanare.com\/inicio\/wp-json\/wp\/v2\/users\/2"}],"replies":[{"embeddable":true,"href":"https:\/\/radionoticiascasanare.com\/inicio\/wp-json\/wp\/v2\/comments?post=62283"}],"version-history":[{"count":1,"href":"https:\/\/radionoticiascasanare.com\/inicio\/wp-json\/wp\/v2\/posts\/62283\/revisions"}],"predecessor-version":[{"id":62285,"href":"https:\/\/radionoticiascasanare.com\/inicio\/wp-json\/wp\/v2\/posts\/62283\/revisions\/62285"}],"wp:featuredmedia":[{"embeddable":true,"href":"https:\/\/radionoticiascasanare.com\/inicio\/wp-json\/wp\/v2\/media\/62284"}],"wp:attachment":[{"href":"https:\/\/radionoticiascasanare.com\/inicio\/wp-json\/wp\/v2\/media?parent=62283"}],"wp:term":[{"taxonomy":"category","embeddable":true,"href":"https:\/\/radionoticiascasanare.com\/inicio\/wp-json\/wp\/v2\/categories?post=62283"},{"taxonomy":"post_tag","embeddable":true,"href":"https:\/\/radionoticiascasanare.com\/inicio\/wp-json\/wp\/v2\/tags?post=62283"}],"curies":[{"name":"wp","href":"https:\/\/api.w.org\/{rel}","templated":true}]}}