{"id":62568,"date":"2026-04-27T00:40:49","date_gmt":"2026-04-27T05:40:49","guid":{"rendered":"https:\/\/radionoticiascasanare.com\/inicio\/?p=62568"},"modified":"2026-04-27T00:40:49","modified_gmt":"2026-04-27T05:40:49","slug":"siete-muertos-y-mas-de-20-heridos-en-atentado-cilindro-con-explosivos-contra-una-buseta-en-la-via-panamericana","status":"publish","type":"post","link":"https:\/\/radionoticiascasanare.com\/inicio\/siete-muertos-y-mas-de-20-heridos-en-atentado-cilindro-con-explosivos-contra-una-buseta-en-la-via-panamericana\/","title":{"rendered":"Siete muertos y m\u00e1s de 20 heridos en atentado cilindro con explosivos contra una buseta en la v\u00eda Panamericana"},"content":{"rendered":"<p class=\"wp-block-paragraph\">Un atentado terrorista con un cilindro cargado con explosivos deja siete muertos y m\u00e1s de 20 heridos en la v\u00eda Panamericana, en inmediaciones del municipio de Cajibio, Cauca, confirmaron las autoridades.<\/p>\n<p class=\"wp-block-paragraph\">De acuerdo con el reporte oficial,\u00a0<strong>el cilindro cay\u00f3 sobre una buseta de servicio intermunicipal que se movilizaba a la altura del sector de El T\u00fanel,\u00a0<\/strong>generando afectaciones en uno de los corredores m\u00e1s importantes del suroccidente del pa\u00eds.<\/p>\n<p class=\"wp-block-paragraph\">La informaci\u00f3n fue confirmada por el gobernador del Cauca, Octavio Guzm\u00e1n quien dijo a trav\u00e9s de la red social X que el atentado deja siete civiles muertos y m\u00e1s de 20 heridos de gravedad.<\/p>\n<p class=\"wp-block-paragraph\"><strong>\u201cEs una tragedia que nos desgarra como departamento y enluta profundamente a nuestras familias.\u00a0<\/strong>No hay palabras suficientes para el dolor que hoy sentimos\u201d, se\u00f1al\u00f3 el mandatario departamental.<\/p>\n<p class=\"wp-block-paragraph\">A\u00f1adi\u00f3: \u00abes un acto de violencia indiscriminada\u00bb, tras indicar que \u201cdeja 7 civiles muertos y m\u00e1s de 20 heridos de gravedad. Es una tragedia que nos desgarra como departamento y enluta profundamente a nuestras familias. No hay palabras suficientes para el dolor que hoy sentimos\u00bb.<\/p>\n<p class=\"wp-block-paragraph\">Igualmente,<strong>\u00a0inst\u00f3 al Gobierno Nacional\u00a0<\/strong><a href=\"https:\/\/sincandado.com\/2026\/04\/22\/capturan-en-argentina-a-brayan-ferney-cruz-castillo-profugo-acusado-por-el-magnicidio-de-miguel-uribe-turbay\/\"><strong>a responder con acciones contundentes frente a la escala de violencia que afecta al Cauca,<\/strong>\u00a0<\/a>as\u00ed como a otros municipios como El Tambo, Caloto, Popay\u00e1n, Guachen\u00e9, Mercaderes y Miranda.<\/p>\n<p class=\"wp-block-paragraph\">\u00abComo Gobierno Departamental, estamos atendiendo la emergencia con toda nuestra capacidad institucional. Nuestra red hospitalaria se encuentra al l\u00edmite, la v\u00eda Panamericana en incertidumbre, y nuestra Fuerza P\u00fablica permanece al frente de la situaci\u00f3n, enfrentando esta arremetida criminal\u00bb, se\u00f1al\u00f3 Guzm\u00e1n.<\/p>\n<p class=\"wp-block-paragraph\">Este hecho que se suma a tres atentados en el Valle del Cauca, qued\u00f3 registrado en redes sociales,\u00a0<strong>en las que fueron compartidas im\u00e1genes que\u00a0<a href=\"https:\/\/sincandado.com\/2026\/04\/22\/gobierno-revisa-la-posibilidad-de-suspender-el-proceso-de-paz-con-disidencias-de-alias-calarca-se-dedicaron-a-matar-soldados-petro\/\">dejan ver la magnitud de los da\u00f1os en la buseta de servicio intermunicipal,\u00a0<\/a>especialmente en el techo y las ventanas.<\/strong><\/p>\n<p class=\"wp-block-paragraph\">As\u00ed mismo, se observa la destrucci\u00f3n de una parte de la v\u00eda Panamericana que comunica a Cali con Popay\u00e1n debido a la carga explosiva activada, al parecer, por grupos armados ilegales.<\/p>\n","protected":false},"excerpt":{"rendered":"<p>Un atentado terrorista con un cilindro cargado con explosivos deja siete muertos y m\u00e1s de 20 heridos en la v\u00eda Panamericana, en inmediaciones del municipio de Cajibio, Cauca, confirmaron las autoridades. De acuerdo con el reporte oficial,\u00a0el cilindro cay\u00f3 sobre una buseta de servicio intermunicipal que se movilizaba a la altura del sector de El [&hellip;]<\/p>\n","protected":false},"author":2,"featured_media":62569,"comment_status":"closed","ping_status":"closed","sticky":false,"template":"","format":"standard","meta":{"footnotes":""},"categories":[66,32953,27,51,34798,26396],"tags":[35803,4638,35799,35805,1272,35797,35804,35801,35806,35807,35808,35798,35802,10198,35800,18421],"class_list":["post-62568","post","type-post","status-publish","format-standard","has-post-thumbnail","hentry","category-destacadas","category-emergencia","category-judicial","category-nacional","category-policia-nacional","category-seguridad","tag-es-una-tragedia-que-nos-desgarra","tag-atentado-terrorista","tag-buseta-de-servicio-intermunicipal","tag-caloto","tag-cauca","tag-cilindro-cargado-con-explosivos","tag-el-tambo","tag-gobernador-del-cauca","tag-guachene","tag-mercaderes","tag-miranda","tag-municipio-de-cajibio","tag-octavio-guzman","tag-popayan","tag-sector-de-el-tunel","tag-via-panamericana"],"_links":{"self":[{"href":"https:\/\/radionoticiascasanare.com\/inicio\/wp-json\/wp\/v2\/posts\/62568","targetHints":{"allow":["GET"]}}],"collection":[{"href":"https:\/\/radionoticiascasanare.com\/inicio\/wp-json\/wp\/v2\/posts"}],"about":[{"href":"https:\/\/radionoticiascasanare.com\/inicio\/wp-json\/wp\/v2\/types\/post"}],"author":[{"embeddable":true,"href":"https:\/\/radionoticiascasanare.com\/inicio\/wp-json\/wp\/v2\/users\/2"}],"replies":[{"embeddable":true,"href":"https:\/\/radionoticiascasanare.com\/inicio\/wp-json\/wp\/v2\/comments?post=62568"}],"version-history":[{"count":1,"href":"https:\/\/radionoticiascasanare.com\/inicio\/wp-json\/wp\/v2\/posts\/62568\/revisions"}],"predecessor-version":[{"id":62570,"href":"https:\/\/radionoticiascasanare.com\/inicio\/wp-json\/wp\/v2\/posts\/62568\/revisions\/62570"}],"wp:featuredmedia":[{"embeddable":true,"href":"https:\/\/radionoticiascasanare.com\/inicio\/wp-json\/wp\/v2\/media\/62569"}],"wp:attachment":[{"href":"https:\/\/radionoticiascasanare.com\/inicio\/wp-json\/wp\/v2\/media?parent=62568"}],"wp:term":[{"taxonomy":"category","embeddable":true,"href":"https:\/\/radionoticiascasanare.com\/inicio\/wp-json\/wp\/v2\/categories?post=62568"},{"taxonomy":"post_tag","embeddable":true,"href":"https:\/\/radionoticiascasanare.com\/inicio\/wp-json\/wp\/v2\/tags?post=62568"}],"curies":[{"name":"wp","href":"https:\/\/api.w.org\/{rel}","templated":true}]}}