{"id":6723,"date":"2016-09-07T11:14:38","date_gmt":"2016-09-07T11:14:38","guid":{"rendered":"http:\/\/radionoticiascasanare.com\/inicio\/?p=6723"},"modified":"2016-09-07T11:14:38","modified_gmt":"2016-09-07T11:14:38","slug":"ministerio-de-educacion-nacional-y-secretaria-de-educacion-departamental-se-reuniran-en-bogota-para-analizar-la-jornada-unica-en-el-departamento","status":"publish","type":"post","link":"https:\/\/radionoticiascasanare.com\/inicio\/ministerio-de-educacion-nacional-y-secretaria-de-educacion-departamental-se-reuniran-en-bogota-para-analizar-la-jornada-unica-en-el-departamento\/","title":{"rendered":"Ministerio de Educaci\u00f3n Nacional y Secretar\u00eda de Educaci\u00f3n Departamental se reunir\u00e1n en Bogot\u00e1 para analizar la jornada \u00fanica en el departamento"},"content":{"rendered":"<p style=\"text-align: justify;\">La Secretaria de Educaci\u00f3n de Casanare Sandra Patricia Rinc\u00f3n, confirm\u00f3 que que este jueves 8 de septiembre se llevar\u00e1 a cabo una reuni\u00f3n con el Ministerio de Educaci\u00f3n Nacional en Bogot\u00e1 para analizar el tema de la implementaci\u00f3n de la jornada \u00fanica en el departamento.<\/p>\n<p style=\"text-align: justify;\">La funcionaria indic\u00f3 que al encuentro asistir\u00e1 el Gobernador Josu\u00e9 Alirio Barrera, la presidenta de la Asamblea Departamental Sonia Bernal, el Presidente del Sindicato de Maestros Luis Eduardo Correa Valbuena, el Representantes de los Personeros Estudiantiles, el Vocero de los Docentes, la Alcaldesa de Yopal, Luz Marina Cardozo y los Secretarios de Educaci\u00f3n.<\/p>\n<p style=\"text-align: justify;\">Rinc\u00f3n indic\u00f3 que la reuni\u00f3n reviste de importancia, toda vez que se har\u00e1 una petici\u00f3n al Ministerio con el objetivo que gire los recursos necesarios para la implementaci\u00f3n de la Jornada \u00danica debido a que el departamento no cuenta con el presupuesto para la ejecuci\u00f3n de esta iniciativa del orden nacional.<\/p>\n<p style=\"text-align: justify;\">\u201cCasanare no recibe recursos de regal\u00edas hace cuatro a\u00f1os y medio, y si seguimos solventando los gastos, cada vez ser\u00e1 m\u00e1s complejo ofrecer una educaci\u00f3n con calidad en el departamento. Y es preocupante que cada a\u00f1o tengamos problemas para suplir la canasta educativa por no contar con los dineros suficientes para contratar el personal administrativo, tener la alimentaci\u00f3n y el transporte escolar. Queremos que nos vean como cualquier departamento con muchas necesidades y pocos recursos\u201d, sostuvo la Secretaria de Educaci\u00f3n Departamental.<\/p>\n<p style=\"text-align: justify;\">Finalmente, la funcionaria expres\u00f3 su inquietud por la deserci\u00f3n escolar que se registra en el departamento que asciende a 1.500 ni\u00f1os que han dejado de ir a clase por diferentes motivos, por lo que dijo que se est\u00e1 trabajando en ese sentido para que los infantes retornen a las aulas de clase.<\/p>\n<p style=\"text-align: justify;\">Fuente y Fotograf\u00eda: Radio Noticias Casanare<\/p>\n","protected":false},"excerpt":{"rendered":"<p>La Secretaria de Educaci\u00f3n de Casanare Sandra Patricia Rinc\u00f3n, confirm\u00f3 que que este jueves 8 de septiembre se llevar\u00e1 a cabo una reuni\u00f3n con el Ministerio de Educaci\u00f3n Nacional en Bogot\u00e1 para analizar el tema de la implementaci\u00f3n de la jornada \u00fanica en el departamento. La funcionaria indic\u00f3 que al encuentro asistir\u00e1 el Gobernador Josu\u00e9 [&hellip;]<\/p>\n","protected":false},"author":1,"featured_media":0,"comment_status":"closed","ping_status":"closed","sticky":false,"template":"","format":"standard","meta":{"footnotes":""},"categories":[2,168],"tags":[3,915,1633,2268,2265,2272,2273],"class_list":["post-6723","post","type-post","status-publish","format-standard","hentry","category-casanare","category-generales","tag-casanare","tag-educacion","tag-jornada","tag-ministerio","tag-nacional","tag-recursos","tag-unica"],"_links":{"self":[{"href":"https:\/\/radionoticiascasanare.com\/inicio\/wp-json\/wp\/v2\/posts\/6723","targetHints":{"allow":["GET"]}}],"collection":[{"href":"https:\/\/radionoticiascasanare.com\/inicio\/wp-json\/wp\/v2\/posts"}],"about":[{"href":"https:\/\/radionoticiascasanare.com\/inicio\/wp-json\/wp\/v2\/types\/post"}],"author":[{"embeddable":true,"href":"https:\/\/radionoticiascasanare.com\/inicio\/wp-json\/wp\/v2\/users\/1"}],"replies":[{"embeddable":true,"href":"https:\/\/radionoticiascasanare.com\/inicio\/wp-json\/wp\/v2\/comments?post=6723"}],"version-history":[{"count":0,"href":"https:\/\/radionoticiascasanare.com\/inicio\/wp-json\/wp\/v2\/posts\/6723\/revisions"}],"wp:attachment":[{"href":"https:\/\/radionoticiascasanare.com\/inicio\/wp-json\/wp\/v2\/media?parent=6723"}],"wp:term":[{"taxonomy":"category","embeddable":true,"href":"https:\/\/radionoticiascasanare.com\/inicio\/wp-json\/wp\/v2\/categories?post=6723"},{"taxonomy":"post_tag","embeddable":true,"href":"https:\/\/radionoticiascasanare.com\/inicio\/wp-json\/wp\/v2\/tags?post=6723"}],"curies":[{"name":"wp","href":"https:\/\/api.w.org\/{rel}","templated":true}]}}