{"id":6906,"date":"2016-09-15T14:26:41","date_gmt":"2016-09-15T14:26:41","guid":{"rendered":"http:\/\/radionoticiascasanare.com\/inicio\/?p=6906"},"modified":"2016-09-15T14:26:41","modified_gmt":"2016-09-15T14:26:41","slug":"unidad-departamental-para-la-gestion-del-riesgo-en-casanare-iniciara-labores-de-remocion-de-tierra-y-lodo-en-la-salina-por-invierno","status":"publish","type":"post","link":"https:\/\/radionoticiascasanare.com\/inicio\/unidad-departamental-para-la-gestion-del-riesgo-en-casanare-iniciara-labores-de-remocion-de-tierra-y-lodo-en-la-salina-por-invierno\/","title":{"rendered":"Unidad Departamental para la Gesti\u00f3n del Riesgo en Casanare iniciar\u00e1 labores de remoci\u00f3n de tierra y lodo en La Salina por invierno"},"content":{"rendered":"<p style=\"text-align: justify;\">Tras la remoci\u00f3n en masa que mantiene incomunicada la vereda Rodrigoque, con el casco urbano del municipio La Salina y el resto del Departamento, la Gobernaci\u00f3n de Casanare a trav\u00e9s de Gesti\u00f3n del Riesgo iniciar\u00e1\u00a0desplazamiento de maquinaria en aras de atender la emergencia.<\/p>\n<p>\u201cEl municipio report\u00f3 el evento ante la oficina de Gesti\u00f3n del Riesgo el pasado martes, sin embargo no se pudo realizar visita t\u00e9cnica dadas las circunstancias del paro armado\u201d manifest\u00f3 Leonardo Bar\u00f3n Pulido, coordinador de la esta unidad en\u00a0Casanare.<\/p>\n<p style=\"text-align: justify;\">El funcionario asegur\u00f3 adem\u00e1s,\u00a0que desde este viernes se inicia el traslado de una retroexcavadora sobre oruga, en aras de emprender las labores de extracci\u00f3n del material que obstruye la v\u00eda.<\/p>\n<p>\u201cAunque son los alcaldes los primeros responsables de la gesti\u00f3n del riesgo en sus territorios, la Gobernaci\u00f3n de Casanare en cabeza de Alirio Barrera, siempre ha estado en la disponibilidad de apoyar a los municipios con lo que m\u00e1s se puede, sin llegar a solicitarles que declaren la calamidad p\u00fablica, pues ante una emergencia, para que se active el nivel departamental ese es el debido proceso, seg\u00fan lo establece la ley 1523 del 2012\u201d, explic\u00f3 Bar\u00f3n Pulido.<\/p>\n<p style=\"text-align: justify;\">Fuente y Fotograf\u00eda: Gobernaci\u00f3n de Casanare<\/p>\n","protected":false},"excerpt":{"rendered":"<p>Tras la remoci\u00f3n en masa que mantiene incomunicada la vereda Rodrigoque, con el casco urbano del municipio La Salina y el resto del Departamento, la Gobernaci\u00f3n de Casanare a trav\u00e9s de Gesti\u00f3n del Riesgo iniciar\u00e1\u00a0desplazamiento de maquinaria en aras de atender la emergencia. \u201cEl municipio report\u00f3 el evento ante la oficina de Gesti\u00f3n del Riesgo [&hellip;]<\/p>\n","protected":false},"author":1,"featured_media":0,"comment_status":"closed","ping_status":"closed","sticky":false,"template":"","format":"standard","meta":{"footnotes":""},"categories":[2,66],"tags":[3,2244,74,2245,983],"class_list":["post-6906","post","type-post","status-publish","format-standard","hentry","category-casanare","category-destacadas","tag-casanare","tag-gobernacion","tag-la-salina","tag-riesgo","tag-via"],"_links":{"self":[{"href":"https:\/\/radionoticiascasanare.com\/inicio\/wp-json\/wp\/v2\/posts\/6906","targetHints":{"allow":["GET"]}}],"collection":[{"href":"https:\/\/radionoticiascasanare.com\/inicio\/wp-json\/wp\/v2\/posts"}],"about":[{"href":"https:\/\/radionoticiascasanare.com\/inicio\/wp-json\/wp\/v2\/types\/post"}],"author":[{"embeddable":true,"href":"https:\/\/radionoticiascasanare.com\/inicio\/wp-json\/wp\/v2\/users\/1"}],"replies":[{"embeddable":true,"href":"https:\/\/radionoticiascasanare.com\/inicio\/wp-json\/wp\/v2\/comments?post=6906"}],"version-history":[{"count":0,"href":"https:\/\/radionoticiascasanare.com\/inicio\/wp-json\/wp\/v2\/posts\/6906\/revisions"}],"wp:attachment":[{"href":"https:\/\/radionoticiascasanare.com\/inicio\/wp-json\/wp\/v2\/media?parent=6906"}],"wp:term":[{"taxonomy":"category","embeddable":true,"href":"https:\/\/radionoticiascasanare.com\/inicio\/wp-json\/wp\/v2\/categories?post=6906"},{"taxonomy":"post_tag","embeddable":true,"href":"https:\/\/radionoticiascasanare.com\/inicio\/wp-json\/wp\/v2\/tags?post=6906"}],"curies":[{"name":"wp","href":"https:\/\/api.w.org\/{rel}","templated":true}]}}