{"id":7027,"date":"2016-09-23T13:02:57","date_gmt":"2016-09-23T13:02:57","guid":{"rendered":"http:\/\/radionoticiascasanare.com\/inicio\/?p=7027"},"modified":"2016-09-23T13:02:57","modified_gmt":"2016-09-23T13:02:57","slug":"por-orden-judicial-se-reintegra-secretario-general-de-la-alcaldia-de-yopal","status":"publish","type":"post","link":"https:\/\/radionoticiascasanare.com\/inicio\/por-orden-judicial-se-reintegra-secretario-general-de-la-alcaldia-de-yopal\/","title":{"rendered":"Por orden judicial se reintegra Secretario General de la Alcald\u00eda de Yopal"},"content":{"rendered":"<p style=\"text-align: justify;\">Una acci\u00f3n de tutela interpuesta por Luis Carlos Aponte, logr\u00f3 que en segunda instancia emitido por el Juzgado Primero Penal del Circuito de Yopal, se reintegre en su cargo como Secretario General de la Alcald\u00eda Municipal tras ser retirado del mismo por la aplicaci\u00f3n de moci\u00f3n de censura por parte del Concejo de Yopal.<\/p>\n<p style=\"text-align: justify;\">La decisi\u00f3n dada a conocer por el despacho judicial, revoca la determinaci\u00f3n adoptada el pasado 10 de agosto de 2016 cuando se hab\u00eda negado la tutela interpuesta por Aponte contra la Corporaci\u00f3n Municipal que desarroll\u00f3, al considerar que el funcionario hab\u00eda incurrido en irregularidades durante su permanencia en el cargo.<\/p>\n<p style=\"text-align: justify;\">El Juzgado Primero Penal Municipal entutel\u00f3 los derechos al considerar que se hab\u00eda violado el debido proceso y al trabajo, al tiempo que orden\u00f3 al Concejo que en el t\u00e9rmino de 48 horas declare la nulidad de lo actuado dentro del proceso de Moci\u00f3n de Censura que se le adelant\u00f3 a Luis Carlos Aponte.<\/p>\n<p style=\"text-align: justify;\">En consecuencia, la Alcaldesa Encargada de Yopal, Luz Marina Cardoso tendr\u00e1 que reintegrar a Aponte en su cargo como Secretario General de la Administraci\u00f3n Municipal.<\/p>\n<p>Por su parte Luis Carlos Aponte P\u00e9rez, afirm\u00f3 que se reintegrar\u00e1 al equipo de la Administraci\u00f3n posteriormente a que se anule el acto administrativo tras que se revoque por parte del Concejo Municipal lo actuado.<\/p>\n<p style=\"text-align: justify;\">En rueda de prensa,\u00a0Aponte asegur\u00f3 que no existen discrepancias ni diferencias con su compa\u00f1ero de Gabinete Secretario Privado Carlos C\u00e1rdenas Ortiz, y aclar\u00f3 que los pronunciamientos que han dado pie a esta pol\u00e9mica nunca han surgido de parte de \u00e9l porque hay un respeto hacia cada uno de los integrantes y funcionarios de la Administraci\u00f3n Local.<\/p>\n<p style=\"text-align: justify;\">Fuente y Fotograf\u00eda: Radio Noticias Casanare<\/p>\n","protected":false},"excerpt":{"rendered":"<p>Una acci\u00f3n de tutela interpuesta por Luis Carlos Aponte, logr\u00f3 que en segunda instancia emitido por el Juzgado Primero Penal del Circuito de Yopal, se reintegre en su cargo como Secretario General de la Alcald\u00eda Municipal tras ser retirado del mismo por la aplicaci\u00f3n de moci\u00f3n de censura por parte del Concejo de Yopal. La [&hellip;]<\/p>\n","protected":false},"author":1,"featured_media":0,"comment_status":"closed","ping_status":"closed","sticky":false,"template":"","format":"standard","meta":{"footnotes":""},"categories":[2,66],"tags":[2360,277,2415,2416,2417,16],"class_list":["post-7027","post","type-post","status-publish","format-standard","hentry","category-casanare","category-destacadas","tag-alcaldia","tag-judicial","tag-juzgado","tag-secretario","tag-tutela","tag-yopal"],"_links":{"self":[{"href":"https:\/\/radionoticiascasanare.com\/inicio\/wp-json\/wp\/v2\/posts\/7027","targetHints":{"allow":["GET"]}}],"collection":[{"href":"https:\/\/radionoticiascasanare.com\/inicio\/wp-json\/wp\/v2\/posts"}],"about":[{"href":"https:\/\/radionoticiascasanare.com\/inicio\/wp-json\/wp\/v2\/types\/post"}],"author":[{"embeddable":true,"href":"https:\/\/radionoticiascasanare.com\/inicio\/wp-json\/wp\/v2\/users\/1"}],"replies":[{"embeddable":true,"href":"https:\/\/radionoticiascasanare.com\/inicio\/wp-json\/wp\/v2\/comments?post=7027"}],"version-history":[{"count":0,"href":"https:\/\/radionoticiascasanare.com\/inicio\/wp-json\/wp\/v2\/posts\/7027\/revisions"}],"wp:attachment":[{"href":"https:\/\/radionoticiascasanare.com\/inicio\/wp-json\/wp\/v2\/media?parent=7027"}],"wp:term":[{"taxonomy":"category","embeddable":true,"href":"https:\/\/radionoticiascasanare.com\/inicio\/wp-json\/wp\/v2\/categories?post=7027"},{"taxonomy":"post_tag","embeddable":true,"href":"https:\/\/radionoticiascasanare.com\/inicio\/wp-json\/wp\/v2\/tags?post=7027"}],"curies":[{"name":"wp","href":"https:\/\/api.w.org\/{rel}","templated":true}]}}