{"id":7809,"date":"2016-10-26T00:05:31","date_gmt":"2016-10-26T05:05:31","guid":{"rendered":"http:\/\/radionoticiascasanare.com\/inicio\/?p=7809"},"modified":"2016-10-26T00:05:31","modified_gmt":"2016-10-26T05:05:31","slug":"contar-experiencia-en-turismo-en-casanare-sera-el-mejor-efecto-multiplicador-para-atraer-mas-turistas-gustavo-ayala-gerente-de-comfacasanare","status":"publish","type":"post","link":"https:\/\/radionoticiascasanare.com\/inicio\/contar-experiencia-en-turismo-en-casanare-sera-el-mejor-efecto-multiplicador-para-atraer-mas-turistas-gustavo-ayala-gerente-de-comfacasanare\/","title":{"rendered":"&#8220;Contar experiencia en turismo en Casanare ser\u00e1 el mejor efecto multiplicador para atraer m\u00e1s turistas\u201d, Gustavo Ayala Gerente de Comfacasanare"},"content":{"rendered":"<p style=\"text-align: justify;\">Con la visita de los presidentes de Cotelco y Avianca Tours a Casanare es dif\u00edcil para viabilizar la reactivaci\u00f3n de la acomodaci\u00f3n hotelera en el departamento, al tiempo que se se quiere implementar estrategias que permitan generar crecimiento para la regi\u00f3n a trav\u00e9s del turismo.<\/p>\n<p style=\"text-align: justify;\">\u201cQueremos atraer a los turistas para que conozcan las riquezas de Casanare como mobiliario natural, el cual es muy tenido en cuenta por turistas extranjeros\u201d, sostuvo Ayala Leal.<\/p>\n<p style=\"text-align: justify;\">El Gerente de Comfacasanare dijo que precisamente se quiere llevar el mensaje para que los turistas deslinden de su concepto que el llano es solo hasta el Meta, y los vemos quienes ahondamos en la regi\u00f3n.<\/p>\n<p style=\"text-align: justify;\">\u201cbuscamos que rompan frontera y entren a Casanare, que sepan que contamos con atractivos tur\u00edsticos, hoteler\u00eda, mejoramientos en infraestructura, inversi\u00f3n en v\u00edas, en fin\u201d, se\u00f1al\u00f3.<\/p>\n<p style=\"text-align: justify;\">El directivo de Comfacasanare asegur\u00f3 que a trav\u00e9s del Instituto T\u00e9cnico, Comfacasanare gradu\u00f3 a 42 personas como la primera promoci\u00f3n que fortalecer\u00e1 el turismo y permitir\u00e1 atender a los visitantes con todas las garant\u00edas resaltando las cualidades y capacidades que encontrar\u00edan en otra regi\u00f3n.<\/p>\n<p style=\"text-align: justify;\"><strong>\u00bfQu\u00e9 ofrece Casanare?<\/strong><\/p>\n<p style=\"text-align: justify;\">\u201cTenemos que avanzar en el prop\u00f3sito de seguir generando sinergias y vender muy bien ideas como la de la finca La Fortuna que a trav\u00e9s de sus recorridos nos permiten conocer el verdadero llano\u201d, anot\u00f3 Gustavo Ayala.<\/p>\n<p style=\"text-align: justify;\">De esta manera, Casanare dejar\u00e1 de verse y venderse a nivel nacional e internacional como una tierra donde \u00fanicamente se produce y explota petr\u00f3leo para entrar a ser vendido como el primer departamento productor de arroz, segundo hato ganadero de Colombia, cultivador de pi\u00f1a, palma y gran anfitri\u00f3n en el rengl\u00f3n del turismo, indic\u00f3 el Gerente de Comfacasanare.<\/p>\n<p style=\"text-align: justify;\">Fuente y Fotograf\u00eda Radio Noticias Casanare \u2013 Anyela Pinto C<\/p>\n<p>&nbsp;<\/p>\n","protected":false},"excerpt":{"rendered":"<p>Con la visita de los presidentes de Cotelco y Avianca Tours a Casanare es dif\u00edcil para viabilizar la reactivaci\u00f3n de la acomodaci\u00f3n hotelera en el departamento, al tiempo que se se quiere implementar estrategias que permitan generar crecimiento para la regi\u00f3n a trav\u00e9s del turismo. \u201cQueremos atraer a los turistas para que conozcan las riquezas [&hellip;]<\/p>\n","protected":false},"author":1,"featured_media":0,"comment_status":"closed","ping_status":"closed","sticky":false,"template":"","format":"standard","meta":{"footnotes":""},"categories":[2,66],"tags":[2691,3,414,1796,2692,238,65],"class_list":["post-7809","post","type-post","status-publish","format-standard","hentry","category-casanare","category-destacadas","tag-avianca-tours","tag-casanare","tag-comfacasanare","tag-cotelco","tag-hotelera","tag-radio-noticias-casanare","tag-turismo"],"_links":{"self":[{"href":"https:\/\/radionoticiascasanare.com\/inicio\/wp-json\/wp\/v2\/posts\/7809","targetHints":{"allow":["GET"]}}],"collection":[{"href":"https:\/\/radionoticiascasanare.com\/inicio\/wp-json\/wp\/v2\/posts"}],"about":[{"href":"https:\/\/radionoticiascasanare.com\/inicio\/wp-json\/wp\/v2\/types\/post"}],"author":[{"embeddable":true,"href":"https:\/\/radionoticiascasanare.com\/inicio\/wp-json\/wp\/v2\/users\/1"}],"replies":[{"embeddable":true,"href":"https:\/\/radionoticiascasanare.com\/inicio\/wp-json\/wp\/v2\/comments?post=7809"}],"version-history":[{"count":0,"href":"https:\/\/radionoticiascasanare.com\/inicio\/wp-json\/wp\/v2\/posts\/7809\/revisions"}],"wp:attachment":[{"href":"https:\/\/radionoticiascasanare.com\/inicio\/wp-json\/wp\/v2\/media?parent=7809"}],"wp:term":[{"taxonomy":"category","embeddable":true,"href":"https:\/\/radionoticiascasanare.com\/inicio\/wp-json\/wp\/v2\/categories?post=7809"},{"taxonomy":"post_tag","embeddable":true,"href":"https:\/\/radionoticiascasanare.com\/inicio\/wp-json\/wp\/v2\/tags?post=7809"}],"curies":[{"name":"wp","href":"https:\/\/api.w.org\/{rel}","templated":true}]}}