{"id":7983,"date":"2016-11-03T12:30:07","date_gmt":"2016-11-03T17:30:07","guid":{"rendered":"http:\/\/radionoticiascasanare.com\/inicio\/?p=7983"},"modified":"2016-11-03T12:30:07","modified_gmt":"2016-11-03T17:30:07","slug":"avanza-proyecto-que-pondria-horas-extras-desde-las-800-p-m","status":"publish","type":"post","link":"https:\/\/radionoticiascasanare.com\/inicio\/avanza-proyecto-que-pondria-horas-extras-desde-las-800-p-m\/","title":{"rendered":"Avanza proyecto que pondr\u00eda horas extras desde las 8:00 p.m."},"content":{"rendered":"<p style=\"text-align: justify;\">Con la negativa de miembros del partido del Polo Democr\u00e1tico, pero las mayor\u00edas, incluso del Centro Democr\u00e1tico, la ministra de Trabajo Clara L\u00f3pez logr\u00f3 sacar adelante en segundo debate el proyecto que pondr\u00eda las horas extras desde las 8:00 de la noche.<\/p>\n<p style=\"text-align: justify;\"><strong>&#8220;Se aprob\u00f3 en segundo debate el proyecto de ley que reduce la jornada nocturna de 10:00 de la noche a 8:00 de la noche.<\/strong> Lo que quiere decir que en ese periodo de tiempo regresan las horas extras, y es una gran noticia para trabajadores especialmente para el sector de servicios&#8221;, dijo la ministra, tras la aprobaci\u00f3n del proyecto en la plenaria de la C\u00e1mara de Representantes.<\/p>\n<p style=\"text-align: justify;\">Las cr\u00edticas por parte de su partido, el Polo, s<strong>e dieron entorno a que quer\u00edan que se plantearan las horas extras como estaban antes de la modificaci\u00f3n<\/strong> que hizo el expresidente \u00c1lvaro Uribe en su gobierno. Es decir, desde las 6:00 de la tarde; y que se volvieran a pagar los dominicales con el 100 % adicional, pero el proyecto deja este aspecto como estaba con el 75 % adicional.<\/p>\n<p style=\"text-align: justify;\">Sobre las cr\u00edticas del Polo la ministra dijo: &#8220;Ellos no se oponen, lo que quieren es que sea hasta las 6:00 de la tarde, pero aveces lo mejor es enemigo de lo bueno. Con las 6:00 de la tarde no hab\u00eda consenso, no hab\u00eda posibilidad de que ese horario fuese aceptado y el t\u00e9rmino medio que se acept\u00f3 tanto en el Gobierno como en el Congreso es el que hace posible que este beneficio le llegue finalmente a los trabajadores de Colombia&#8221;.<\/p>\n<p style=\"text-align: justify;\"><strong>Ahora, al proyecto le quedan dos debates y la debida sanci\u00f3n presidencial<\/strong>, pero curiosamente ser\u00e1 la Comisi\u00f3n S\u00e9ptima la que reciba la iniciativa. Comisi\u00f3n en la que se encuentra el expresidente \u00c1lvaro Uribe. Ante ello, dijo la ministra, cree que no generar\u00e1 pol\u00e9mica, sino m\u00e1s bien consensos.<\/p>\n<p style=\"text-align: justify;\">&#8220;El Centro Democr\u00e1tico vot\u00f3 el proyecto el d\u00eda de hoy. No veo que vayamos a tener un debate de enfrentamientos y mucho menos, estos son temas de la mayor importancia social que re\u00fanen consensos mayoritarios y por supuesto hay personas que quieren m\u00e1s y otras que quieren menos, pero yo preveo que al igual que en la Comisi\u00f3n S\u00e9ptima de la C\u00e1mara, en la Comisi\u00f3n S\u00e9ptima del Senado de la Rep\u00fablica se pueda sacar adelante&#8221;, dijo.<\/p>\n<p style=\"text-align: justify;\">Fuente y fotograf\u00eda: www.vanguardia.com \/ COLPRENSA BOGOT\u00c1<\/p>\n","protected":false},"excerpt":{"rendered":"<p>Con la negativa de miembros del partido del Polo Democr\u00e1tico, pero las mayor\u00edas, incluso del Centro Democr\u00e1tico, la ministra de Trabajo Clara L\u00f3pez logr\u00f3 sacar adelante en segundo debate el proyecto que pondr\u00eda las horas extras desde las 8:00 de la noche. &#8220;Se aprob\u00f3 en segundo debate el proyecto de ley que reduce la jornada [&hellip;]<\/p>\n","protected":false},"author":1,"featured_media":0,"comment_status":"closed","ping_status":"closed","sticky":false,"template":"","format":"standard","meta":{"footnotes":""},"categories":[66,51],"tags":[2761,2762,1758],"class_list":["post-7983","post","type-post","status-publish","format-standard","hentry","category-destacadas","category-nacional","tag-horarios","tag-sobresueldo","tag-trabajo"],"_links":{"self":[{"href":"https:\/\/radionoticiascasanare.com\/inicio\/wp-json\/wp\/v2\/posts\/7983","targetHints":{"allow":["GET"]}}],"collection":[{"href":"https:\/\/radionoticiascasanare.com\/inicio\/wp-json\/wp\/v2\/posts"}],"about":[{"href":"https:\/\/radionoticiascasanare.com\/inicio\/wp-json\/wp\/v2\/types\/post"}],"author":[{"embeddable":true,"href":"https:\/\/radionoticiascasanare.com\/inicio\/wp-json\/wp\/v2\/users\/1"}],"replies":[{"embeddable":true,"href":"https:\/\/radionoticiascasanare.com\/inicio\/wp-json\/wp\/v2\/comments?post=7983"}],"version-history":[{"count":0,"href":"https:\/\/radionoticiascasanare.com\/inicio\/wp-json\/wp\/v2\/posts\/7983\/revisions"}],"wp:attachment":[{"href":"https:\/\/radionoticiascasanare.com\/inicio\/wp-json\/wp\/v2\/media?parent=7983"}],"wp:term":[{"taxonomy":"category","embeddable":true,"href":"https:\/\/radionoticiascasanare.com\/inicio\/wp-json\/wp\/v2\/categories?post=7983"},{"taxonomy":"post_tag","embeddable":true,"href":"https:\/\/radionoticiascasanare.com\/inicio\/wp-json\/wp\/v2\/tags?post=7983"}],"curies":[{"name":"wp","href":"https:\/\/api.w.org\/{rel}","templated":true}]}}