{"id":8413,"date":"2016-11-22T04:37:54","date_gmt":"2016-11-22T09:37:54","guid":{"rendered":"http:\/\/radionoticiascasanare.com\/inicio\/?p=8413"},"modified":"2016-11-22T04:37:54","modified_gmt":"2016-11-22T09:37:54","slug":"jornada-de-bienestar-y-recreacion-para-comunidad-afro-en-villanueva-casanare","status":"publish","type":"post","link":"https:\/\/radionoticiascasanare.com\/inicio\/jornada-de-bienestar-y-recreacion-para-comunidad-afro-en-villanueva-casanare\/","title":{"rendered":"Jornada de bienestar y recreaci\u00f3n para comunidad Afro en Villanueva Casanare"},"content":{"rendered":"<p style=\"text-align: justify;\">Por una cultura de promoci\u00f3n y\u00a0 prevenci\u00f3n, la Gobernaci\u00f3n de Casanare a trav\u00e9s de la Secretar\u00eda de Gobierno y Desarrollo Comunitario realiz\u00f3 una jornada de bienestar dirigida a la comunidad Afrocolombiana que reside en este Municipio, el evento estuvo cargado de actividades recreativas, deportivas y servicios de medicina general y odontol\u00f3gica gratuita.<\/p>\n<p style=\"text-align: justify;\">En cumplimiento de la Ley 1066 de 2015 expedida por el Ministerio del Interior y con el objetivo de alcanzar un Casanare m\u00e1s solidario e incluyente, se abren estos espacios. Adicionalmente, se realiz\u00f3 el censo de este grupo poblacional, al igual que en d\u00edas pasados el de Orocu\u00e9, el cual est\u00e1 por consolidarse.<\/p>\n<p style=\"text-align: justify;\">Red Salud, Indercas, las alcald\u00edas de Orocu\u00e9 y Villanueva y las asociaciones de comunidades negras, afrocolombianas, raizales y palenqueras de estas localidades participaron activamente en esta actividad. Se espera llegar a Monterrey con este espacio en los pr\u00f3ximos d\u00edas.<\/p>\n<p style=\"text-align: justify;\">Fuente y Fotograf\u00eda Gobernaci\u00f3n de Casanare<\/p>\n","protected":false},"excerpt":{"rendered":"<p>Por una cultura de promoci\u00f3n y\u00a0 prevenci\u00f3n, la Gobernaci\u00f3n de Casanare a trav\u00e9s de la Secretar\u00eda de Gobierno y Desarrollo Comunitario realiz\u00f3 una jornada de bienestar dirigida a la comunidad Afrocolombiana que reside en este Municipio, el evento estuvo cargado de actividades recreativas, deportivas y servicios de medicina general y odontol\u00f3gica gratuita. En cumplimiento de [&hellip;]<\/p>\n","protected":false},"author":1,"featured_media":0,"comment_status":"closed","ping_status":"closed","sticky":false,"template":"","format":"standard","meta":{"footnotes":""},"categories":[2,18],"tags":[2888,3,1352,238,2500,241],"class_list":["post-8413","post","type-post","status-publish","format-standard","hentry","category-casanare","category-cultura","tag-afro","tag-casanare","tag-cultura","tag-radio-noticias-casanare","tag-recreacion","tag-villanueva"],"_links":{"self":[{"href":"https:\/\/radionoticiascasanare.com\/inicio\/wp-json\/wp\/v2\/posts\/8413","targetHints":{"allow":["GET"]}}],"collection":[{"href":"https:\/\/radionoticiascasanare.com\/inicio\/wp-json\/wp\/v2\/posts"}],"about":[{"href":"https:\/\/radionoticiascasanare.com\/inicio\/wp-json\/wp\/v2\/types\/post"}],"author":[{"embeddable":true,"href":"https:\/\/radionoticiascasanare.com\/inicio\/wp-json\/wp\/v2\/users\/1"}],"replies":[{"embeddable":true,"href":"https:\/\/radionoticiascasanare.com\/inicio\/wp-json\/wp\/v2\/comments?post=8413"}],"version-history":[{"count":0,"href":"https:\/\/radionoticiascasanare.com\/inicio\/wp-json\/wp\/v2\/posts\/8413\/revisions"}],"wp:attachment":[{"href":"https:\/\/radionoticiascasanare.com\/inicio\/wp-json\/wp\/v2\/media?parent=8413"}],"wp:term":[{"taxonomy":"category","embeddable":true,"href":"https:\/\/radionoticiascasanare.com\/inicio\/wp-json\/wp\/v2\/categories?post=8413"},{"taxonomy":"post_tag","embeddable":true,"href":"https:\/\/radionoticiascasanare.com\/inicio\/wp-json\/wp\/v2\/tags?post=8413"}],"curies":[{"name":"wp","href":"https:\/\/api.w.org\/{rel}","templated":true}]}}