{"id":9001,"date":"2016-12-21T04:06:26","date_gmt":"2016-12-21T09:06:26","guid":{"rendered":"http:\/\/radionoticiascasanare.com\/inicio\/?p=9001"},"modified":"2016-12-21T04:06:26","modified_gmt":"2016-12-21T09:06:26","slug":"plan-de-accion-territorial-y-resultados-analizo-comite-de-justicia-transicional-en-su-ultima-sesion-del-2016","status":"publish","type":"post","link":"https:\/\/radionoticiascasanare.com\/inicio\/plan-de-accion-territorial-y-resultados-analizo-comite-de-justicia-transicional-en-su-ultima-sesion-del-2016\/","title":{"rendered":"Plan de Acci\u00f3n Territorial y resultados analiz\u00f3 Comit\u00e9 de Justicia Transicional en su \u00faltima sesi\u00f3n del 2016"},"content":{"rendered":"<p class=\"m_5409645807883969726gmail-Sinespaciado1\" style=\"text-align: justify;\"><span lang=\"EN-US\"><img decoding=\"async\" class=\"wp-image-9002 alignleft\" src=\"http:\/\/radionoticiascasanare.com\/inicio\/wp-content\/uploads\/2016\/12\/JUSTICIA-TRANSICIONAL-DIC-20.jpg\" alt=\"\" width=\"297\" height=\"162\" \/>La alcaldesa encargada de Yopal, Luz Marina Cardozo Solano al presidir junto a los secretarios del Despacho, el \u00faltimo Comit\u00e9 de Justicia Transicional del 2016, abord\u00f3 el Plan de Acci\u00f3n Territorial y los resultados que se obtuvieron en el desarrollo de las diferentes acciones para apoyar a la poblaci\u00f3n v\u00edctima de la violencia.<\/span><\/p>\n<p class=\"m_5409645807883969726gmail-Sinespaciado1\" style=\"text-align: justify;\"><span lang=\"ES-TRAD\">La mandataria local afirm\u00f3 que en el 2017 se realizar\u00e1n una gran variedad de actividades buscando mejorar las condiciones de dicha poblaci\u00f3n e indic\u00f3 que pueden estar seguros que la administraci\u00f3n municipal har\u00e1 todo lo que est\u00e9 a su alcance para ejecutar los programas que se han dise\u00f1ado para generar bienestar y suplir en gran medida las necesidades de cada una de las familias.<\/span><\/p>\n<p class=\"m_5409645807883969726gmail-Sinespaciado1\" style=\"text-align: justify;\"><span lang=\"ES-TRAD\">\u201cA\u00fan falta mucho por hacer, y es as\u00ed como la Administraci\u00f3n Municipal brinda el apoyo a esta poblaci\u00f3n trabajando en conjunto con la Gobernaci\u00f3n, proyect\u00e1ndose la compra de un terreno para las asociaciones que no han recibido ayuda alguna\u201d, sostuvo.<\/span><\/p>\n<p class=\"m_5409645807883969726gmail-MsoNoSpacing\" style=\"text-align: justify;\"><span lang=\"ES-TRAD\">Cardozo se\u00f1al\u00f3 que un hecho importante para destacar es que al interior del Comit\u00e9 de Justicia Transicional, se aprob\u00f3 el decreto modificatorio al 0024 de 2012, que hace referencia a la conformaci\u00f3n de los Subcomit\u00e9s de Justicia, Asistencia, Atenci\u00f3n, Prevenci\u00f3n, Protecci\u00f3n y Sistema de Informaci\u00f3n, necesarios para implementar la Pol\u00edtica de V\u00edctimas en el municipio.<\/span><\/p>\n<p class=\"m_5409645807883969726gmail-MsoNoSpacing\" style=\"text-align: justify;\"><span lang=\"ES-TRAD\">\u00a0La alcaldesa encargada de Yopal tambi\u00e9n dijo que en la reuni\u00f3n\u00a0<\/span><span lang=\"ES-TRAD\">se logr\u00f3 aprobar mediante decreto definir el Plan de Acci\u00f3n Territorial de Asistencia, Atenci\u00f3n, Protecci\u00f3n y Reparaci\u00f3n Integral a las v\u00edctimas en el municipio constituy\u00e9ndose en un importante documento porque de ah\u00ed depende la parte program\u00e1tica para beneficiar a esta poblaci\u00f3n, que adem\u00e1s establece que con dineros propios o a trav\u00e9s de procesos de cofinanciaci\u00f3n, brindar la debida atenci\u00f3n a la poblaci\u00f3n v\u00edctima de la violencia.<\/span><\/p>\n<p class=\"m_5409645807883969726gmail-MsoNoSpacing\" style=\"text-align: justify;\"><span lang=\"ES-TRAD\">Agreg\u00f3 que la Administraci\u00f3n Municipal siempre ha expresado su compromiso y responsabilidad para llevar a cabo acciones y escuchar las necesidades que han sido expuestas por la poblaci\u00f3n v\u00edctima de la violencia y muestra de ello es que se busca hasta en la \u00faltima reuni\u00f3n del Comit\u00e9 ajustar las acciones para tener una directriz definida para adelantar las gestiones correspondientes.<\/span><\/p>\n<p class=\"m_5409645807883969726gmail-MsoNoSpacing\" style=\"text-align: justify;\">Fuente y Fotograf\u00eda Alcald\u00eda de Yopal<\/p>\n","protected":false},"excerpt":{"rendered":"<p>La alcaldesa encargada de Yopal, Luz Marina Cardozo Solano al presidir junto a los secretarios del Despacho, el \u00faltimo Comit\u00e9 de Justicia Transicional del 2016, abord\u00f3 el Plan de Acci\u00f3n Territorial y los resultados que se obtuvieron en el desarrollo de las diferentes acciones para apoyar a la poblaci\u00f3n v\u00edctima de la violencia. La mandataria [&hellip;]<\/p>\n","protected":false},"author":1,"featured_media":0,"comment_status":"closed","ping_status":"closed","sticky":false,"template":"","format":"standard","meta":{"footnotes":""},"categories":[2,66],"tags":[2360,3,758,721,1020,238,3085,3086,16],"class_list":["post-9001","post","type-post","status-publish","format-standard","hentry","category-casanare","category-destacadas","tag-alcaldia","tag-casanare","tag-justicia-transicional","tag-plan-de-accion","tag-proteccion","tag-radio-noticias-casanare","tag-reparacion","tag-victimas-de-la-violencia","tag-yopal"],"_links":{"self":[{"href":"https:\/\/radionoticiascasanare.com\/inicio\/wp-json\/wp\/v2\/posts\/9001","targetHints":{"allow":["GET"]}}],"collection":[{"href":"https:\/\/radionoticiascasanare.com\/inicio\/wp-json\/wp\/v2\/posts"}],"about":[{"href":"https:\/\/radionoticiascasanare.com\/inicio\/wp-json\/wp\/v2\/types\/post"}],"author":[{"embeddable":true,"href":"https:\/\/radionoticiascasanare.com\/inicio\/wp-json\/wp\/v2\/users\/1"}],"replies":[{"embeddable":true,"href":"https:\/\/radionoticiascasanare.com\/inicio\/wp-json\/wp\/v2\/comments?post=9001"}],"version-history":[{"count":0,"href":"https:\/\/radionoticiascasanare.com\/inicio\/wp-json\/wp\/v2\/posts\/9001\/revisions"}],"wp:attachment":[{"href":"https:\/\/radionoticiascasanare.com\/inicio\/wp-json\/wp\/v2\/media?parent=9001"}],"wp:term":[{"taxonomy":"category","embeddable":true,"href":"https:\/\/radionoticiascasanare.com\/inicio\/wp-json\/wp\/v2\/categories?post=9001"},{"taxonomy":"post_tag","embeddable":true,"href":"https:\/\/radionoticiascasanare.com\/inicio\/wp-json\/wp\/v2\/tags?post=9001"}],"curies":[{"name":"wp","href":"https:\/\/api.w.org\/{rel}","templated":true}]}}