{"id":9115,"date":"2016-12-29T00:05:42","date_gmt":"2016-12-29T05:05:42","guid":{"rendered":"http:\/\/radionoticiascasanare.com\/inicio\/?p=9115"},"modified":"2016-12-29T00:05:42","modified_gmt":"2016-12-29T05:05:42","slug":"9115-2","status":"publish","type":"post","link":"https:\/\/radionoticiascasanare.com\/inicio\/9115-2\/","title":{"rendered":"Comit\u00e9 de Discapacidad ampli\u00e1 el n\u00famero de integrantes en Yopal"},"content":{"rendered":"<p class=\"m_-644589960702151846gmail-Sinespaciado1\"><img decoding=\"async\" class=\"wp-image-9116 alignleft\" src=\"http:\/\/radionoticiascasanare.com\/inicio\/wp-content\/uploads\/2016\/12\/COMIT\u00c9-DE-DISCAPACIDAD.jpg\" alt=\"\" width=\"289\" height=\"169\" \/>El III Comit\u00e9 Municipal de Discapacidad permiti\u00f3 socializar el proyecto de rehabilitaci\u00f3n basado en la comunidad mediante Decreto 107 de diciembre de 2016, que modifica los decretos anteriores con relaci\u00f3n al Comit\u00e9 Municipal de Discapacidad, al tiempo que se establecieron las ayudas t\u00e9cnicas para poblaci\u00f3n en condici\u00f3n de discapacidad,\u00a0 entre otros temas.<\/p>\n<p class=\"m_-644589960702151846gmail-Sinespaciado1\">La Alcaldesa (e) de Yopal, Luz Marina Cardozo Solano junto a sus Secretarios de Despacho, Gerentes y Directores de Institutos descentralizados y autoridades competentes presidi\u00f3 este jueves dicho Comit\u00e9 que tuvo como elemento importante la modificaci\u00f3n de la plantilla que lo conforman para dar paso a m\u00e1s representantes y actores que contribuyan a fortalecer el tema de discapacidad en el municipio.<\/p>\n<p class=\"m_-644589960702151846gmail-Sinespaciado1\">Por su parte, el Secretario de Salud Municipal manifest\u00f3 que la reuni\u00f3n se realiz\u00f3 en conjunto con todos los representantes y actores responsables del Comit\u00e9 de Discapacidad, quienes se mostraron satisfechos por la decisi\u00f3n de modificar dos de las anteriores normas los dos Decretos anteriores para dar cabida a nuevos representantes, siendo responsables del paciente con alg\u00fan grado de discapacidad\u201d, sostuvo.<\/p>\n<p class=\"m_-644589960702151846gmail-Sinespaciado1\">\u00a0Explic\u00f3 el funcionario que el periodo de los representantes termin\u00f3, porque ya llevan 4 a\u00f1os dentro del Comit\u00e9 a lo cual ellos definir\u00e1n el delegado de estos pacientes de acuerdo con los comit\u00e9s. Adem\u00e1s se solicit\u00f3 incluir nuevos integrantes como la Secretar\u00eda de Gobierno Municipal, el Instituto de Desarrollo Urbano y Rural de Yopal (IDURY) y las poblaciones afrocolombiana y LGBTI.<\/p>\n<p class=\"m_-644589960702151846gmail-Sinespaciado1\">M\u00e9ndez Garc\u00eda indic\u00f3 que se defini\u00f3 trabajar el pr\u00f3ximo a\u00f1o con un proyecto donde hay 25 familias en un proceso de discapacidad para que los representantes observen, y de manera articulada con los distintos actores, se pueda llegar y generar un impacto social.<\/p>\n<p class=\"m_-644589960702151846gmail-Sinespaciado1\">\u00a0\u201cCon respecto al Plan de Acci\u00f3n, lo importante es que cada Secretar\u00eda de acuerdo con los compromisos, adelante los procesos que sean necesarios para ejecutarlos, los cuales est\u00e1n plasmados en la Pol\u00edtica P\u00fablica 2016 \u2013 2022\u201d, precis\u00f3.<\/p>\n<p class=\"m_-644589960702151846gmail-Sinespaciado1\">El Secretario de Salud de Yopal dijo que en Yopal existe una poblaci\u00f3n considerable con alg\u00fan grado de discapacidad que puede ser cognitiva, visual, auditiva o mixta, donde se requiere de un equipo interdisciplinario para determinar el tipo de discapacidad para establecer su requerimiento y las acciones a desarrollar<\/p>\n<p class=\"m_-644589960702151846gmail-Sinespaciado1\">Fuente y Fotograf\u00eda Alcald\u00eda de Yopal.<\/p>\n","protected":false},"excerpt":{"rendered":"<p>El III Comit\u00e9 Municipal de Discapacidad permiti\u00f3 socializar el proyecto de rehabilitaci\u00f3n basado en la comunidad mediante Decreto 107 de diciembre de 2016, que modifica los decretos anteriores con relaci\u00f3n al Comit\u00e9 Municipal de Discapacidad, al tiempo que se establecieron las ayudas t\u00e9cnicas para poblaci\u00f3n en condici\u00f3n de discapacidad,\u00a0 entre otros temas. La Alcaldesa (e) [&hellip;]<\/p>\n","protected":false},"author":1,"featured_media":0,"comment_status":"closed","ping_status":"closed","sticky":false,"template":"","format":"standard","meta":{"footnotes":""},"categories":[2,66],"tags":[237,3121,3,3122,720,3123,721,238,3124],"class_list":["post-9115","post","type-post","status-publish","format-standard","hentry","category-casanare","category-destacadas","tag-alcaldia-de-yopal","tag-auditiva","tag-casanare","tag-cognitiva","tag-discapacidad","tag-mixta","tag-plan-de-accion","tag-radio-noticias-casanare","tag-visual"],"_links":{"self":[{"href":"https:\/\/radionoticiascasanare.com\/inicio\/wp-json\/wp\/v2\/posts\/9115","targetHints":{"allow":["GET"]}}],"collection":[{"href":"https:\/\/radionoticiascasanare.com\/inicio\/wp-json\/wp\/v2\/posts"}],"about":[{"href":"https:\/\/radionoticiascasanare.com\/inicio\/wp-json\/wp\/v2\/types\/post"}],"author":[{"embeddable":true,"href":"https:\/\/radionoticiascasanare.com\/inicio\/wp-json\/wp\/v2\/users\/1"}],"replies":[{"embeddable":true,"href":"https:\/\/radionoticiascasanare.com\/inicio\/wp-json\/wp\/v2\/comments?post=9115"}],"version-history":[{"count":0,"href":"https:\/\/radionoticiascasanare.com\/inicio\/wp-json\/wp\/v2\/posts\/9115\/revisions"}],"wp:attachment":[{"href":"https:\/\/radionoticiascasanare.com\/inicio\/wp-json\/wp\/v2\/media?parent=9115"}],"wp:term":[{"taxonomy":"category","embeddable":true,"href":"https:\/\/radionoticiascasanare.com\/inicio\/wp-json\/wp\/v2\/categories?post=9115"},{"taxonomy":"post_tag","embeddable":true,"href":"https:\/\/radionoticiascasanare.com\/inicio\/wp-json\/wp\/v2\/tags?post=9115"}],"curies":[{"name":"wp","href":"https:\/\/api.w.org\/{rel}","templated":true}]}}