{"id":9475,"date":"2017-01-30T16:44:16","date_gmt":"2017-01-30T21:44:16","guid":{"rendered":"http:\/\/radionoticiascasanare.com\/inicio\/?p=9475"},"modified":"2017-01-30T16:44:16","modified_gmt":"2017-01-30T21:44:16","slug":"propuesta-a-beneficiarios-de-proyecto-la-corocora-presento-alcalde-de-aguazul-renier-dario-pachon","status":"publish","type":"post","link":"https:\/\/radionoticiascasanare.com\/inicio\/propuesta-a-beneficiarios-de-proyecto-la-corocora-presento-alcalde-de-aguazul-renier-dario-pachon\/","title":{"rendered":"Propuesta a beneficiarios de proyecto La Corocora present\u00f3 Alcalde de Aguazul Renier Dar\u00edo Pach\u00f3n"},"content":{"rendered":"<figure id=\"attachment_4404\" aria-describedby=\"caption-attachment-4404\" style=\"width: 300px\" class=\"wp-caption alignleft\"><img decoding=\"async\" class=\" wp-image-4404\" src=\"http:\/\/radionoticiascasanare.com\/inicio\/wp-content\/uploads\/2016\/05\/alcalde-de-aguazul.jpg\" alt=\"\" width=\"300\" height=\"166\" \/><figcaption id=\"caption-attachment-4404\" class=\"wp-caption-text\">Renier Dar\u00edo Pach\u00f3n<br \/>Alcalde de Aguazul Casanare<\/figcaption><\/figure>\n<p>El Alcalde de Aguazul Renier Dar\u00edo Pach\u00f3n y el exmandatario Fernando Camacho se reunieron para buscar alternativas de soluci\u00f3n a los beneficiarios del Proyecto de vivienda La Corocora.<br \/>\nAmbos coincidieron en explorar alternativas para evitar generar mayores problemas a las familias que est\u00e1n esperando obtener una vivienda digna, por lo que desarrollaron un encuentro serio, responsable y con sentido de pertenencia por el municipio.<br \/>\nEl Alcalde Renier Dar\u00edo Pach\u00f3n, lanz\u00f3 una propuesta trascendental a los beneficiarios consistente en cambiar el lote sin servicios que tienen en el momento por una vivienda terminada antes de finalizar este a\u00f1o con todos los servicios y con un aporte muy bajo.<br \/>\nEl exalcalde Camacho, calific\u00f3 la iniciativa del mandatario local como una\u00a0buena acci\u00f3n, que genera una real soluci\u00f3n al problema que afrontan los beneficiarios y recomend\u00f3 aceptarla.<br \/>\nLas 56 familias beneficiarias de los lotes entregar\u00e1n este mi\u00e9rcoles primero de febrero, la respuesta a la propuesta hecha por el Alcalde de Aguazul tras analizar las implicaciones positivas y negativas de la misma seg\u00fan lo revel\u00f3 el vocero Omar Moreno.<\/p>\n<p>Fuente y Fotograf\u00eda Radio Noticias Casanare<\/p>\n","protected":false},"excerpt":{"rendered":"<p>El Alcalde de Aguazul Renier Dar\u00edo Pach\u00f3n y el exmandatario Fernando Camacho se reunieron para buscar alternativas de soluci\u00f3n a los beneficiarios del Proyecto de vivienda La Corocora. Ambos coincidieron en explorar alternativas para evitar generar mayores problemas a las familias que est\u00e1n esperando obtener una vivienda digna, por lo que desarrollaron un encuentro serio, [&hellip;]<\/p>\n","protected":false},"author":1,"featured_media":0,"comment_status":"closed","ping_status":"closed","sticky":false,"template":"","format":"standard","meta":{"footnotes":""},"categories":[2,66],"tags":[239,238,3248],"class_list":["post-9475","post","type-post","status-publish","format-standard","hentry","category-casanare","category-destacadas","tag-aguazul","tag-radio-noticias-casanare","tag-vivienda-la-corocora"],"_links":{"self":[{"href":"https:\/\/radionoticiascasanare.com\/inicio\/wp-json\/wp\/v2\/posts\/9475","targetHints":{"allow":["GET"]}}],"collection":[{"href":"https:\/\/radionoticiascasanare.com\/inicio\/wp-json\/wp\/v2\/posts"}],"about":[{"href":"https:\/\/radionoticiascasanare.com\/inicio\/wp-json\/wp\/v2\/types\/post"}],"author":[{"embeddable":true,"href":"https:\/\/radionoticiascasanare.com\/inicio\/wp-json\/wp\/v2\/users\/1"}],"replies":[{"embeddable":true,"href":"https:\/\/radionoticiascasanare.com\/inicio\/wp-json\/wp\/v2\/comments?post=9475"}],"version-history":[{"count":0,"href":"https:\/\/radionoticiascasanare.com\/inicio\/wp-json\/wp\/v2\/posts\/9475\/revisions"}],"wp:attachment":[{"href":"https:\/\/radionoticiascasanare.com\/inicio\/wp-json\/wp\/v2\/media?parent=9475"}],"wp:term":[{"taxonomy":"category","embeddable":true,"href":"https:\/\/radionoticiascasanare.com\/inicio\/wp-json\/wp\/v2\/categories?post=9475"},{"taxonomy":"post_tag","embeddable":true,"href":"https:\/\/radionoticiascasanare.com\/inicio\/wp-json\/wp\/v2\/tags?post=9475"}],"curies":[{"name":"wp","href":"https:\/\/api.w.org\/{rel}","templated":true}]}}