{"id":9926,"date":"2017-03-04T21:38:03","date_gmt":"2017-03-05T02:38:03","guid":{"rendered":"http:\/\/radionoticiascasanare.com\/inicio\/?p=9926"},"modified":"2017-03-04T21:38:03","modified_gmt":"2017-03-05T02:38:03","slug":"dos-mil-hectareas-de-vegentacion-se-perdieron-en-incendio-en-zona-rural-de-orocue","status":"publish","type":"post","link":"https:\/\/radionoticiascasanare.com\/inicio\/dos-mil-hectareas-de-vegentacion-se-perdieron-en-incendio-en-zona-rural-de-orocue\/","title":{"rendered":"Dos mil hect\u00e1reas de vegentaci\u00f3n se perdieron en incendio en zona rural de Orocu\u00e9"},"content":{"rendered":"<p><img fetchpriority=\"high\" decoding=\"async\" class=\"wp-image-9927 alignleft\" src=\"http:\/\/radionoticiascasanare.com\/inicio\/wp-content\/uploads\/2017\/03\/VEREDA-SURIMENA-OROCU\u00c9.jpg\" alt=\"\" width=\"300\" height=\"170\" \/>El cuerpo de bomberos de Orocu\u00e9 atiende incendio forestal que se origino en la Vereda Surimena a tres horas \u00a0del casco urbano con algunos veh\u00edculos de habitantes de la zona que reportaron la emergencia.<\/p>\n<p>De acuerdo con el reporte, la situaci\u00f3n fue informada al Puesto de Polic\u00eda del Corregimiento de Tilodir\u00e1n de Yopal y ellos a su cez al Cuerpor de Bomberos de Yopal, quienes adealntaron las coordinaciones correspondientes para controlar las llmas.<\/p>\n<p>Desde las dos de la tarde de este viernes 03 de marzo, 7 unidades de bomberos, se desplazaron \u00a0hacia el lugar del incendio forestal, despu\u00e9s de recorrer por m\u00e1s de las tres horas adelantaron las labores de atenci\u00f3n de la emergencia logrando sofocarlo \u00a0a las 3:00 de la ma\u00f1ana del s\u00e1bado 4 marzo.<\/p>\n<p>Las unidades bomberiles emplearon un vehiculo, una moto, batefuegos y bosbas de espalda y se tuvo una p\u00e9rdida entre 1.500 a 2000 hectareas de sabana y matorrales.<\/p>\n<p>Fuente y Fotograf\u00eda Bomberos Orocu\u00e9<\/p>\n","protected":false},"excerpt":{"rendered":"<p>El cuerpo de bomberos de Orocu\u00e9 atiende incendio forestal que se origino en la Vereda Surimena a tres horas \u00a0del casco urbano con algunos veh\u00edculos de habitantes de la zona que reportaron la emergencia. De acuerdo con el reporte, la situaci\u00f3n fue informada al Puesto de Polic\u00eda del Corregimiento de Tilodir\u00e1n de Yopal y ellos [&hellip;]<\/p>\n","protected":false},"author":1,"featured_media":0,"comment_status":"closed","ping_status":"closed","sticky":false,"template":"","format":"standard","meta":{"footnotes":""},"categories":[2,66],"tags":[3,358,68,196,238,3436],"class_list":["post-9926","post","type-post","status-publish","format-standard","hentry","category-casanare","category-destacadas","tag-casanare","tag-incendio-forestal","tag-orocue","tag-policia","tag-radio-noticias-casanare","tag-vereda-surimena"],"_links":{"self":[{"href":"https:\/\/radionoticiascasanare.com\/inicio\/wp-json\/wp\/v2\/posts\/9926","targetHints":{"allow":["GET"]}}],"collection":[{"href":"https:\/\/radionoticiascasanare.com\/inicio\/wp-json\/wp\/v2\/posts"}],"about":[{"href":"https:\/\/radionoticiascasanare.com\/inicio\/wp-json\/wp\/v2\/types\/post"}],"author":[{"embeddable":true,"href":"https:\/\/radionoticiascasanare.com\/inicio\/wp-json\/wp\/v2\/users\/1"}],"replies":[{"embeddable":true,"href":"https:\/\/radionoticiascasanare.com\/inicio\/wp-json\/wp\/v2\/comments?post=9926"}],"version-history":[{"count":0,"href":"https:\/\/radionoticiascasanare.com\/inicio\/wp-json\/wp\/v2\/posts\/9926\/revisions"}],"wp:attachment":[{"href":"https:\/\/radionoticiascasanare.com\/inicio\/wp-json\/wp\/v2\/media?parent=9926"}],"wp:term":[{"taxonomy":"category","embeddable":true,"href":"https:\/\/radionoticiascasanare.com\/inicio\/wp-json\/wp\/v2\/categories?post=9926"},{"taxonomy":"post_tag","embeddable":true,"href":"https:\/\/radionoticiascasanare.com\/inicio\/wp-json\/wp\/v2\/tags?post=9926"}],"curies":[{"name":"wp","href":"https:\/\/api.w.org\/{rel}","templated":true}]}}