{"id":13547,"count":0,"description":"","link":"https:\/\/radionoticiascasanare.com\/inicio\/tag\/ministerio-de-las-tecnologias-de-la-informacion-y-la-comunicacion\/","name":"Ministerio de las tecnolog\u00edas de la informaci\u00f3n y la comunicaci\u00f3n","slug":"ministerio-de-las-tecnologias-de-la-informacion-y-la-comunicacion","taxonomy":"post_tag","meta":[],"_links":{"self":[{"href":"https:\/\/radionoticiascasanare.com\/inicio\/wp-json\/wp\/v2\/tags\/13547","targetHints":{"allow":["GET"]}}],"collection":[{"href":"https:\/\/radionoticiascasanare.com\/inicio\/wp-json\/wp\/v2\/tags"}],"about":[{"href":"https:\/\/radionoticiascasanare.com\/inicio\/wp-json\/wp\/v2\/taxonomies\/post_tag"}],"wp:post_type":[{"href":"https:\/\/radionoticiascasanare.com\/inicio\/wp-json\/wp\/v2\/posts?tags=13547"}],"curies":[{"name":"wp","href":"https:\/\/api.w.org\/{rel}","templated":true}]}}